{"id":120640,"date":"2021-07-07T07:39:21","date_gmt":"2021-07-07T11:39:21","guid":{"rendered":"https:\/\/linitiative.ca\/International\/en-avril-2021-les-credits-a-la-consommation-ont-augmente-de-115\/"},"modified":"2021-07-07T07:39:21","modified_gmt":"2021-07-07T11:39:21","slug":"en-avril-2021-les-credits-a-la-consommation-ont-augmente-de-115","status":"publish","type":"post","link":"https:\/\/linitiative.ca\/International\/en-avril-2021-les-credits-a-la-consommation-ont-augmente-de-115\/","title":{"rendered":"En avril 2021, les cr\u00e9dits \u00e0 la consommation ont augment\u00e9 de 11,5%"},"content":{"rendered":"<div>\n<div class=\"td-post-content\">\n<h2>La\u00a0<a href=\"https:\/\/www.bct.gov.tn\/\" target=\"_blank\" rel=\"noopener noreferrer\">BCT<\/a>\u00a0a publi\u00e9 aujourd\u2019hui une\u00a0<a href=\"https:\/\/www.leconomistemaghrebin.com\/Users\/mtiss\/Desktop\/Document_20210707_fr.pdf\" target=\"_blank\" rel=\"noopener noreferrer\">note sur les \u00e9volutions \u00e9conomiques et mon\u00e9taires et les perspectives \u00e0 moyen<\/a><\/h2>\n<p>Un accroissement du rythme de progression des cr\u00e9dits \u00e0 l\u2019\u00e9conomie a \u00e9t\u00e9 enregistr\u00e9 au cours du mois d\u2019avril 2021 (6,4% en G.A contre 4,4% en mars 2021 et 4,2% une ann\u00e9e auparavant). Et ce en relation avec l\u2019acc\u00e9l\u00e9ration des cr\u00e9dits accord\u00e9s aux professionnels (5,7% en G.A contre 3,5% en mars 2021), notamment ceux de moyen et long terme (13,7% contre 12,3%), ainsi que les cr\u00e9dits accord\u00e9s aux particuliers (8,6% en G.A contre 7,1%).<\/p>\n<p class=\"td-modal-image\"><a class=\"\" href=\"https:\/\/i1.wp.com\/www.leconomistemaghrebin.com\/wp-content\/uploads\/2021\/07\/cr%C3%A9dits-%C3%A0-l%C3%A9conomie.jpg\"><img decoding=\"async\" loading=\"lazy\" class=\"alignleft size-full wp-image-399929 jetpack-lazy-image jetpack-lazy-image--handled\" src=\"https:\/\/i1.wp.com\/www.leconomistemaghrebin.com\/wp-content\/uploads\/2021\/07\/cr\u00e9dits-\u00e0-l\u00e9conomie.jpg?resize=696,405\" alt=\"cr\u00e9dits \u00e0 l'\u00e9conomie\" width=\"696\" height=\"405\" data-recalc-dims=\"1\" data-lazy-loaded=\"1\"><\/a><\/p>\n<p>Faut-il noter que les cr\u00e9dits \u00e0 la consommation ont connu une hausse significative de 11,5% contre 9,4% un mois auparavant.<\/p>\n<p>Quant \u00e0 ceux d\u00e9di\u00e9s \u00e0 l\u2019acquisition du logement, ils se sont accrus de 5,3% apr\u00e8s 4,4% en mars 2021.<\/p>\n<p>En avril 2021, la masse mon\u00e9taire au sens de M3 a poursuivi sa d\u00e9c\u00e9l\u00e9ration, en \u00e9voluant \u00e0 un rythme de 8,8% en G.A, contre 9,4% en mars et 13,1% une ann\u00e9e auparavant.<\/p>\n<p>Cette \u00e9volution est principalement attribuable \u00e0 l\u2019affaiblissement de la contribution de la masse mon\u00e9taire au sens de \u00ab M1 \u00bb (+4,9pp contre +5,5pp en mars 2021), plus<br \/>\npr\u00e9cis\u00e9ment, de la monnaie fiduciaire (+1,1pp contre +1,7pp). Quant \u00e0 la contribution de la quasimonnaie \u00ab M2-M1 \u00bb elle s\u2019est stabilis\u00e9e \u00e0 3,4pp au cours du mois d\u2019avril 2021.<\/p>\n<p>En termes de contrepartie, la d\u00e9c\u00e9l\u00e9ration de la masse mon\u00e9taire (M3) est due, essentiellement, au ralentissement de la contribution des cr\u00e9ances nettes sur l\u2019Etat (+6,2pp contre +8,0pp un mois auparavant) et par la contribution n\u00e9gative des cr\u00e9ances nettes sur l\u2019ext\u00e9rieur, qui s\u2019est stabilis\u00e9e \u00e0 -1,5pp. Pour sa part, la contribution des concours \u00e0 l\u2019\u00e9conomie s\u2019est accrue en avril 2021 pour s\u2019\u00e9tablir \u00e0 +9,0pp, contre +8,3pp en mars 2021.<\/p>\n<div class=\"td-a-rec td-a-rec-id-content_bottom  td_uid_44_60e590d53b051_rand td_block_template_1\"><\/div>\n<\/div>\n<footer><strong>leconomistemaghrebin<\/strong><br \/>\n<\/footer>\n<p>The post <a href=\"https:\/\/lexpertjournal.net\/fr\/?p=20669\">En avril 2021, les cr\u00e9dits \u00e0 la consommation ont augment\u00e9 de 11,5%<\/a> first appeared on <a href=\"https:\/\/lexpertjournal.net\/fr\">L&rsquo;Expert Journal<\/a>.<\/p>\n<\/div>\n<p>Auteur: L&rsquo;expert<br \/>\n<a href=\"https:\/\/lexpertjournal.net\/fr\/?p=20669\">Cliquez ici pour lire l&rsquo;article depuis sa source.<\/a><\/p>\n","protected":false},"excerpt":{"rendered":"<p>La\u00a0BCT\u00a0a publi\u00e9 aujourd\u2019hui une\u00a0note sur les \u00e9volutions \u00e9conomiques et mon\u00e9taires et les perspectives \u00e0 moyen Un accroissement du rythme de progression des cr\u00e9dits \u00e0 l\u2019\u00e9conomie a \u00e9t\u00e9 enregistr\u00e9 au cours du mois d\u2019avril 2021 (6,4% en G.A contre 4,4% en mars 2021 et 4,2% une ann\u00e9e auparavant). Et ce en relation avec l\u2019acc\u00e9l\u00e9ration des cr\u00e9dits [&hellip;]<\/p>\n","protected":false},"author":1775,"featured_media":0,"comment_status":"closed","ping_status":"closed","sticky":false,"template":"","format":"standard","meta":{"fifu_image_url":"https:\/\/i1.wp.com\/www.leconomistemaghrebin.com\/wp-content\/uploads\/2021\/07\/cr\u00e9dits-\u00e0-l\u00e9conomie.jpg?resize=696,405","fifu_image_alt":"En avril 2021, les cr\u00e9dits \u00e0 la consommation ont augment\u00e9 de 11,5%","footnotes":""},"categories":[78,55],"tags":[],"class_list":["post-120640","post","type-post","status-publish","format-standard","hentry","category-economie","category-tunisie"],"_links":{"self":[{"href":"https:\/\/linitiative.ca\/International\/wp-json\/wp\/v2\/posts\/120640","targetHints":{"allow":["GET"]}}],"collection":[{"href":"https:\/\/linitiative.ca\/International\/wp-json\/wp\/v2\/posts"}],"about":[{"href":"https:\/\/linitiative.ca\/International\/wp-json\/wp\/v2\/types\/post"}],"author":[{"embeddable":true,"href":"https:\/\/linitiative.ca\/International\/wp-json\/wp\/v2\/users\/1775"}],"replies":[{"embeddable":true,"href":"https:\/\/linitiative.ca\/International\/wp-json\/wp\/v2\/comments?post=120640"}],"version-history":[{"count":0,"href":"https:\/\/linitiative.ca\/International\/wp-json\/wp\/v2\/posts\/120640\/revisions"}],"wp:attachment":[{"href":"https:\/\/linitiative.ca\/International\/wp-json\/wp\/v2\/media?parent=120640"}],"wp:term":[{"taxonomy":"category","embeddable":true,"href":"https:\/\/linitiative.ca\/International\/wp-json\/wp\/v2\/categories?post=120640"},{"taxonomy":"post_tag","embeddable":true,"href":"https:\/\/linitiative.ca\/International\/wp-json\/wp\/v2\/tags?post=120640"}],"curies":[{"name":"wp","href":"https:\/\/api.w.org\/{rel}","templated":true}]}}