{"id":120641,"date":"2021-07-07T08:56:12","date_gmt":"2021-07-07T12:56:12","guid":{"rendered":"https:\/\/linitiative.ca\/International\/vague-de-chaleur-avec-chergui-de-vendredi-a-lundi\/"},"modified":"2021-07-07T08:56:12","modified_gmt":"2021-07-07T12:56:12","slug":"vague-de-chaleur-avec-chergui-de-vendredi-a-lundi","status":"publish","type":"post","link":"https:\/\/linitiative.ca\/International\/vague-de-chaleur-avec-chergui-de-vendredi-a-lundi\/","title":{"rendered":"Vague de chaleur avec chergui de vendredi \u00e0 lundi"},"content":{"rendered":"<div>\n<div style=\"margin-bottom:20px;\"><img loading=\"lazy\" decoding=\"async\" width=\"750\" height=\"430\" src=\"https:\/\/linitiative.ca\/International\/wp-content\/uploads\/sites\/23\/2021\/07\/soleil-1.jpg\" class=\"attachment-post-thumbnail size-post-thumbnail wp-post-image\" alt=\"\" srcset=\"https:\/\/linitiative.ca\/International\/wp-content\/uploads\/sites\/23\/2021\/07\/soleil-1.jpg 750w, http:\/\/www.mapmarrakech.ma\/map\/uploads\/2021\/07\/soleil-1-300x172.jpg 300w\" sizes=\"auto, (max-width: 750px) 100vw, 750px\"><\/div>\n<p>Ainsi, des temp\u00e9ratures variant entre 40 et 45\u00b0C concerneront, vendredi, les provinces Beni Mellal, El Hajeb, Fes, Fquih Ben Salah, K\u00e9nitra, Khenifra, Khouribga, M\u00e8knes, Moulay Yacoub, Ouezzane, Sefrou, Settat, Sidi Kacem, Sidi Slimane, Taounate, Tata, Taza et Zagora, indique la DGM dans un bulletin d\u2019alerte m\u00e9t\u00e9orologique faisant \u00e9tat d\u2019un niveau de vigilance orange.<\/p>\n<p>Du samedi au lundi, les temp\u00e9ratures oscilleront \u00e9galement entre 44 et 48\u00b0C dans les provinces de Sidi Kacem, Sidi Slimane, K\u00e9nitra, Taounate, Ouezzane, F\u00e8s, M\u00e8knes, Moulay Yacoub, El Hajeb, Sefrou, Kh\u00e9misset, Kh\u00e9nifra, Khouribga, Benslimane, Berrechid, Settat, El Kelaa des Sraghna, Rehamna, Youssoufia, Sidi Bennour, Marrakech, Fquih Ben Salah, Beni Mellal, Taroudant, Guelmim, Assa-Zag, Es-Semara, Tata et Zagora.<\/p>\n<p>Les temp\u00e9ratures variant entre 40 et 44\u00b0C concerneront les provinces d\u2019Agadir-Ida-Ou-Tanane, Larache, Chichaoua, Driouch, Chefchaouen, El Jadida, Essaouira (int\u00e9rieur), Nouacer, Guercif, Nador, Oujda-Angad, Jerada, Safi (int\u00e9rieur), Sidi Ifni, Taza et Taourirt mais \u00e9galement de 33 \u00e0 37\u00b0C \u00e0 Al Hoceima, Casablanca, Mohammadia, Rabat, Sal\u00e9, Berkane, Skhirate-Temara et Tanger-Assilah.<\/p>\n<p>Par ailleurs, le communiqu\u00e9 pr\u00e9cise que cette vague de chaleur persistera au cours de la semaine prochaine sur le Centre et le Sud avec une baisse notable des temp\u00e9ratures sur les plaines Nord et l\u2019Oriental.<\/p>\n<p>Des averses orageuses localement fortes (de 15 \u00e0 25 mm) concerneront, ce mercredi de 15h \u00e0 20h, les provinces de Boulemane, Midelt et Ifrane, pr\u00e9cise le Bulletin d\u2019Alerte faisant \u00e9tat d\u2019un niveau de vigilance orange.<\/p>\n<p>The post <a rel=\"nofollow\" href=\"http:\/\/www.mapmarrakech.ma\/fr\/vague-de-chaleur-avec-chergui-de-vendredi-a-lundi\/\">Vague de chaleur avec chergui de vendredi \u00e0 lundi<\/a> appeared first on <a rel=\"nofollow\" href=\"http:\/\/www.mapmarrakech.ma\/fr\">MapMarrakech<\/a>.<\/p>\n<\/div>\n<p>Auteur: Meriem IGASS<br \/>\n<a href=\"http:\/\/www.mapmarrakech.ma\/fr\/vague-de-chaleur-avec-chergui-de-vendredi-a-lundi\/\">Cliquez ici pour lire l&rsquo;article depuis sa source.<\/a><\/p>\n","protected":false},"excerpt":{"rendered":"<p>Ainsi, des temp\u00e9ratures variant entre 40 et 45\u00b0C concerneront, vendredi, les provinces Beni Mellal, El Hajeb, Fes, Fquih Ben Salah, K\u00e9nitra, Khenifra, Khouribga, M\u00e8knes, Moulay Yacoub, Ouezzane, Sefrou, Settat, Sidi Kacem, Sidi Slimane, Taounate, Tata, Taza et Zagora, indique la DGM dans un bulletin d\u2019alerte m\u00e9t\u00e9orologique faisant \u00e9tat d\u2019un niveau de vigilance orange. Du samedi [&hellip;]<\/p>\n","protected":false},"author":1788,"featured_media":0,"comment_status":"closed","ping_status":"closed","sticky":false,"template":"","format":"standard","meta":{"fifu_image_url":"http:\/\/www.mapmarrakech.ma\/map\/uploads\/2021\/07\/soleil-1.jpg","fifu_image_alt":"Vague de chaleur avec chergui de vendredi \u00e0 lundi","footnotes":""},"categories":[54,76],"tags":[],"class_list":["post-120641","post","type-post","status-publish","format-standard","hentry","category-maroc","category-regions"],"_links":{"self":[{"href":"https:\/\/linitiative.ca\/International\/wp-json\/wp\/v2\/posts\/120641","targetHints":{"allow":["GET"]}}],"collection":[{"href":"https:\/\/linitiative.ca\/International\/wp-json\/wp\/v2\/posts"}],"about":[{"href":"https:\/\/linitiative.ca\/International\/wp-json\/wp\/v2\/types\/post"}],"author":[{"embeddable":true,"href":"https:\/\/linitiative.ca\/International\/wp-json\/wp\/v2\/users\/1788"}],"replies":[{"embeddable":true,"href":"https:\/\/linitiative.ca\/International\/wp-json\/wp\/v2\/comments?post=120641"}],"version-history":[{"count":0,"href":"https:\/\/linitiative.ca\/International\/wp-json\/wp\/v2\/posts\/120641\/revisions"}],"wp:attachment":[{"href":"https:\/\/linitiative.ca\/International\/wp-json\/wp\/v2\/media?parent=120641"}],"wp:term":[{"taxonomy":"category","embeddable":true,"href":"https:\/\/linitiative.ca\/International\/wp-json\/wp\/v2\/categories?post=120641"},{"taxonomy":"post_tag","embeddable":true,"href":"https:\/\/linitiative.ca\/International\/wp-json\/wp\/v2\/tags?post=120641"}],"curies":[{"name":"wp","href":"https:\/\/api.w.org\/{rel}","templated":true}]}}