{"id":120642,"date":"2021-07-07T08:30:47","date_gmt":"2021-07-07T12:30:47","guid":{"rendered":"https:\/\/linitiative.ca\/International\/vague-de-chaleur-avec-chergui-de-vendredi-a-lundi-dans-plusieurs-provinces\/"},"modified":"2021-07-07T08:30:47","modified_gmt":"2021-07-07T12:30:47","slug":"vague-de-chaleur-avec-chergui-de-vendredi-a-lundi-dans-plusieurs-provinces","status":"publish","type":"post","link":"https:\/\/linitiative.ca\/International\/vague-de-chaleur-avec-chergui-de-vendredi-a-lundi-dans-plusieurs-provinces\/","title":{"rendered":"Vague de chaleur avec chergui de vendredi \u00e0 lundi dans plusieurs provinces"},"content":{"rendered":"<div>\n<div style=\"margin-bottom:20px;\"><img loading=\"lazy\" decoding=\"async\" width=\"750\" height=\"430\" src=\"https:\/\/linitiative.ca\/International\/wp-content\/uploads\/sites\/23\/2021\/07\/Une-branche-de-vigne-luttant-pour-sa-part-de-soleil-C3A0-Tinghir-750C397430-MAP-1.jpg\" class=\"attachment-post-thumbnail size-post-thumbnail wp-post-image\" alt=\"\" srcset=\"https:\/\/linitiative.ca\/International\/wp-content\/uploads\/sites\/23\/2021\/07\/Une-branche-de-vigne-luttant-pour-sa-part-de-soleil-C3A0-Tinghir-750C397430-MAP-1.jpg 750w, http:\/\/www.mapoujda.ma\/map\/uploads\/2021\/06\/Une-branche-de-vigne-luttant-pour-sa-part-de-soleil-\u00e0-Tinghir-750\u00d7430-MAP-300x172.jpg 300w\" sizes=\"auto, (max-width: 750px) 100vw, 750px\"><\/div>\n<p style=\"text-align: justify;\">Une vague de chaleur avec Chergui est pr\u00e9vue du vendredi au lundi ainsi que des averses orageuses localement fortes attendues mercredi dans plusieurs provinces du Royaume, a annonc\u00e9 mercredi la Direction g\u00e9n\u00e9rale de la m\u00e9t\u00e9orologie (DGM).<\/p>\n<p style=\"text-align: justify;\">Ainsi, des temp\u00e9ratures variant entre 40 et 45\u00b0C concerneront, vendredi, les provinces\u00a0Beni Mellal, El Hajeb, Fes, Fquih Ben Salah, K\u00e9nitra, Khenifra, Khouribga,\u00a0M\u00e8knes, Moulay Yacoub, Ouezzane, Sefrou, Settat, Sidi Kacem, Sidi Slimane,\u00a0Taounate, Tata, Taza et Zagora,\u00a0indique la DGM dans un bulletin d\u2019alerte m\u00e9t\u00e9orologique faisant \u00e9tat d\u2019un niveau de vigilance orange.<\/p>\n<p style=\"text-align: justify;\">Du samedi au lundi, les temp\u00e9ratures oscilleront \u00e9galement entre 44 et\u00a048\u00b0C dans les provinces de Sidi Kacem, Sidi Slimane, K\u00e9nitra, Taounate, Ouezzane, F\u00e8s, M\u00e8knes, Moulay\u00a0Yacoub, El Hajeb, Sefrou, Kh\u00e9misset, Kh\u00e9nifra, Khouribga, Benslimane,\u00a0Berrechid, Settat, El Kelaa des Sraghna, Rehamna, Youssoufia, Sidi Bennour,\u00a0Marrakech, Fquih Ben Salah, Beni Mellal, Taroudant, Guelmim, Assa-Zag,\u00a0Es-Semara, Tata et Zagora.<\/p>\n<p style=\"text-align: justify;\">Les temp\u00e9ratures variant entre 40 et 44\u00b0C\u00a0concerneront les provinces d\u2019Agadir-Ida-Ou-Tanane, Larache, Chichaoua, Driouch, Chefchaouen, El Jadida,\u00a0Essaouira (int\u00e9rieur), Nouacer, Guercif, Nador, Oujda-Angad, Jerada,\u00a0Safi (int\u00e9rieur), Sidi Ifni, Taza et Taourirt mais \u00e9galement de\u00a033 \u00e0 37\u00b0C \u00e0 Al Hoceima, Casablanca, Mohammadia, Rabat, Sal\u00e9, Berkane, Skhirate-Temara\u00a0et Tanger-Assilah.<\/p>\n<p style=\"text-align: justify;\">Par ailleurs, le communiqu\u00e9 pr\u00e9cise que cette vague de chaleur persistera au cours de la semaine prochaine\u00a0sur le Centre et le Sud avec une baisse notable des temp\u00e9ratures sur les\u00a0plaines Nord et l\u2019Oriental.<\/p>\n<p style=\"text-align: justify;\">Des averses orageuses localement fortes (de 15 \u00e0 25 mm) concerneront, ce mercredi de 15h \u00e0 20h, les provinces de Boulemane, Midelt et Ifrane, pr\u00e9cise le Bulletin d\u2019Alerte\u00a0faisant \u00e9tat d\u2019un niveau de vigilance orange.<\/p>\n<p>L\u2019article <a rel=\"nofollow\" href=\"http:\/\/www.mapoujda.ma\/fr\/vague-de-chaleur-avec-chergui-de-vendredi-a-lundi-dans-plusieurs-provinces\/\">Vague de chaleur avec chergui de vendredi \u00e0 lundi dans plusieurs provinces<\/a> est apparu en premier sur <a rel=\"nofollow\" href=\"http:\/\/www.mapoujda.ma\/fr\">MapOujda<\/a>.<\/p>\n<\/div>\n<p>Auteur: Soufiane ELAHMAR<br \/>\n<a href=\"http:\/\/www.mapoujda.ma\/fr\/vague-de-chaleur-avec-chergui-de-vendredi-a-lundi-dans-plusieurs-provinces\/\">Cliquez ici pour lire l&rsquo;article depuis sa source.<\/a><\/p>\n","protected":false},"excerpt":{"rendered":"<p>Une vague de chaleur avec Chergui est pr\u00e9vue du vendredi au lundi ainsi que des averses orageuses localement fortes attendues mercredi dans plusieurs provinces du Royaume, a annonc\u00e9 mercredi la Direction g\u00e9n\u00e9rale de la m\u00e9t\u00e9orologie (DGM). Ainsi, des temp\u00e9ratures variant entre 40 et 45\u00b0C concerneront, vendredi, les provinces\u00a0Beni Mellal, El Hajeb, Fes, Fquih Ben Salah, [&hellip;]<\/p>\n","protected":false},"author":1788,"featured_media":0,"comment_status":"closed","ping_status":"closed","sticky":false,"template":"","format":"standard","meta":{"fifu_image_url":"http:\/\/www.mapoujda.ma\/map\/uploads\/2021\/06\/Une-branche-de-vigne-luttant-pour-sa-part-de-soleil-\u00e0-Tinghir-750\u00d7430-MAP.jpg","fifu_image_alt":"Vague de chaleur avec chergui de vendredi \u00e0 lundi dans plusieurs provinces","footnotes":""},"categories":[54,76],"tags":[],"class_list":["post-120642","post","type-post","status-publish","format-standard","hentry","category-maroc","category-regions"],"_links":{"self":[{"href":"https:\/\/linitiative.ca\/International\/wp-json\/wp\/v2\/posts\/120642","targetHints":{"allow":["GET"]}}],"collection":[{"href":"https:\/\/linitiative.ca\/International\/wp-json\/wp\/v2\/posts"}],"about":[{"href":"https:\/\/linitiative.ca\/International\/wp-json\/wp\/v2\/types\/post"}],"author":[{"embeddable":true,"href":"https:\/\/linitiative.ca\/International\/wp-json\/wp\/v2\/users\/1788"}],"replies":[{"embeddable":true,"href":"https:\/\/linitiative.ca\/International\/wp-json\/wp\/v2\/comments?post=120642"}],"version-history":[{"count":0,"href":"https:\/\/linitiative.ca\/International\/wp-json\/wp\/v2\/posts\/120642\/revisions"}],"wp:attachment":[{"href":"https:\/\/linitiative.ca\/International\/wp-json\/wp\/v2\/media?parent=120642"}],"wp:term":[{"taxonomy":"category","embeddable":true,"href":"https:\/\/linitiative.ca\/International\/wp-json\/wp\/v2\/categories?post=120642"},{"taxonomy":"post_tag","embeddable":true,"href":"https:\/\/linitiative.ca\/International\/wp-json\/wp\/v2\/tags?post=120642"}],"curies":[{"name":"wp","href":"https:\/\/api.w.org\/{rel}","templated":true}]}}