{"id":120644,"date":"2021-07-07T05:53:00","date_gmt":"2021-07-07T09:53:00","guid":{"rendered":"https:\/\/linitiative.ca\/International\/mohamed-abbou-entre-aveux-revelations-et-accusations\/"},"modified":"2021-07-07T05:53:00","modified_gmt":"2021-07-07T09:53:00","slug":"mohamed-abbou-entre-aveux-revelations-et-accusations","status":"publish","type":"post","link":"https:\/\/linitiative.ca\/International\/mohamed-abbou-entre-aveux-revelations-et-accusations\/","title":{"rendered":"Mohamed Abbou: Entre aveux, r\u00e9v\u00e9lations et accusations"},"content":{"rendered":"<div><img decoding=\"async\" src=\"https:\/\/linitiative.ca\/International\/wp-content\/uploads\/sites\/23\/2021\/07\/1625652518_article.jpg\" alt=\"Mohamed Abbou: Entre aveux, r\u00e9v\u00e9lations et accusations\" align=\"left\">Droit d\u2019inventaire ? Devoir de t\u00e9moignage ? L\u2019ancien chef du parti Attayar Addimocrati (Courant d\u00e9mocrate) et ex-ministre, Mohamed Abbou, se l\u00e2che. Dans un livre intitul\u00e9 A contre-courant, une exp\u00e9rience \u00e0 l\u2019int\u00e9rieur du pouvoir, il revient avec force d\u00e9tails sur son parcours politique, plus particuli\u00e8rement depuis 2011. Deux fois ministre aupr\u00e8s du chef du gouvernement charg\u00e9 au gr\u00e9 des fonctions de la R\u00e9forme administrative, de la Gouvernance et de la Lutte contre la malversation, en 2012 dans le gouvernement Jebali, et en 2020, dans celui de Fakhfakh, il en tire la grande frustration d\u2019un go\u00fbt d\u2019inachev\u00e9 et surtout du blocage.<br \/>\nComment Moncef Marzouki a failli &#8230;<\/p>\n<\/div>\n<p>Auteur:<br \/>\n<a href=\"https:\/\/www.leaders.com.tn\/article\/32124-mohamed-abbou-entre-aveux-revelations-et-accusations\">Cliquez ici pour lire l&rsquo;article depuis sa source.<\/a><\/p>\n","protected":false},"excerpt":{"rendered":"<p>Droit d\u2019inventaire ? Devoir de t\u00e9moignage ? L\u2019ancien chef du parti Attayar Addimocrati (Courant d\u00e9mocrate) et ex-ministre, Mohamed Abbou, se l\u00e2che. Dans un livre intitul\u00e9 A contre-courant, une exp\u00e9rience \u00e0 l\u2019int\u00e9rieur du pouvoir, il revient avec force d\u00e9tails sur son parcours politique, plus particuli\u00e8rement depuis 2011. Deux fois ministre aupr\u00e8s du chef du gouvernement charg\u00e9 [&hellip;]<\/p>\n","protected":false},"author":1772,"featured_media":0,"comment_status":"closed","ping_status":"closed","sticky":false,"template":"","format":"standard","meta":{"fifu_image_url":"http:\/\/www.leaders.com.tn\/uploads\/content\/thumbnails_small\/1625652518_article.jpg","fifu_image_alt":"Mohamed Abbou: Entre aveux, r\u00e9v\u00e9lations et accusations","footnotes":""},"categories":[73,55],"tags":[],"class_list":["post-120644","post","type-post","status-publish","format-standard","hentry","category-actualite","category-tunisie"],"_links":{"self":[{"href":"https:\/\/linitiative.ca\/International\/wp-json\/wp\/v2\/posts\/120644","targetHints":{"allow":["GET"]}}],"collection":[{"href":"https:\/\/linitiative.ca\/International\/wp-json\/wp\/v2\/posts"}],"about":[{"href":"https:\/\/linitiative.ca\/International\/wp-json\/wp\/v2\/types\/post"}],"author":[{"embeddable":true,"href":"https:\/\/linitiative.ca\/International\/wp-json\/wp\/v2\/users\/1772"}],"replies":[{"embeddable":true,"href":"https:\/\/linitiative.ca\/International\/wp-json\/wp\/v2\/comments?post=120644"}],"version-history":[{"count":0,"href":"https:\/\/linitiative.ca\/International\/wp-json\/wp\/v2\/posts\/120644\/revisions"}],"wp:attachment":[{"href":"https:\/\/linitiative.ca\/International\/wp-json\/wp\/v2\/media?parent=120644"}],"wp:term":[{"taxonomy":"category","embeddable":true,"href":"https:\/\/linitiative.ca\/International\/wp-json\/wp\/v2\/categories?post=120644"},{"taxonomy":"post_tag","embeddable":true,"href":"https:\/\/linitiative.ca\/International\/wp-json\/wp\/v2\/tags?post=120644"}],"curies":[{"name":"wp","href":"https:\/\/api.w.org\/{rel}","templated":true}]}}