{"id":120646,"date":"2021-07-06T14:00:00","date_gmt":"2021-07-06T18:00:00","guid":{"rendered":"https:\/\/linitiative.ca\/International\/le-second-trimestre-sannonce-prometteur\/"},"modified":"2021-07-06T14:00:00","modified_gmt":"2021-07-06T18:00:00","slug":"le-second-trimestre-sannonce-prometteur","status":"publish","type":"post","link":"https:\/\/linitiative.ca\/International\/le-second-trimestre-sannonce-prometteur\/","title":{"rendered":"Le second trimestre s\u2019annonce prometteur"},"content":{"rendered":"<div>\n<p class=\"has-text-align-center has-vivid-cyan-blue-color has-text-color\"><strong>Redressement de l\u2019\u00e9conomie nationale<\/strong><\/p>\n<p class=\"has-black-color has-text-color\"><strong>L\u2019\u00e9conomie nationale se serait redress\u00e9e de 12,6% au deuxi\u00e8me trimestre 2021, en variation annuelle, selon le Haut-Commissariat au Plan (HCP)<\/strong><\/p>\n<p class=\"has-black-color has-text-color\">Cette \u00e9volution aurait \u00e9t\u00e9 favoris\u00e9e par un accroissement de 19,3% de la valeur ajout\u00e9e agricole et un rebond de 11,7% de la valeur ajout\u00e9e non-agricole, attribuable, en partie, \u00e0 l\u2019effet de l\u2019ajustement de base li\u00e9 au confinement sanitaire durant le deuxi\u00e8me trimestre de 2020, indique le HCP qui vient de rendre public son point de conjoncture du T2-2021 et perspectives pour le T3-2021<\/p>\n<p class=\"has-black-color has-text-color\">Les branches tertiaires auraient contribu\u00e9 pour 5,3 points \u00e0 l\u2019\u00e9volution du PIB, au lieu de -1,4 point un trimestre auparavant, port\u00e9e par la bonne orientation des activit\u00e9s de commerce, de transport et de restauration, rel\u00e8ve la m\u00eame source.<\/p>\n<p class=\"has-black-color has-text-color\">La croissance des activit\u00e9s secondaires se serait, pour sa part, acc\u00e9l\u00e9r\u00e9e, portant sa contribution \u00e0 la croissance du PIB \u00e0+3,5 points, au lieu de +0,5 point un trimestre auparavant.<\/p>\n<p class=\"has-black-color has-text-color\">La valeur ajout\u00e9e industrielle aurait cr\u00fb de 22,8%, apr\u00e8s +1,6% un trimestre auparavant, tir\u00e9e par le redressement de la plupart des branches manufacturi\u00e8res.<\/p>\n<p class=\"has-black-color has-text-color\">Les activit\u00e9s de la construction se seraient, pour leur part, redress\u00e9es, apr\u00e8s avoir quasiment stagn\u00e9 au premier trimestre 2021, marquant une hausse de 9,6%, dans un contexte d\u2019am\u00e9lioration des transactions immobili\u00e8res.<\/p>\n<p class=\"has-black-color has-text-color\">La valeur ajout\u00e9e mini\u00e8re aurait, en revanche, ralenti au deuxi\u00e8me trimestre 2021, affichant une hausse de 1,2% en variation annuelle, apr\u00e8s avoir progress\u00e9 de 5,2% un trimestre auparavant.<\/p>\n<p class=\"has-black-color has-text-color\">La d\u00e9c\u00e9l\u00e9ration des exportations du phosphate brut, confront\u00e9es \u00e0 une forte concurrence asiatique, aurait \u00e9t\u00e9 amortie par la r\u00e9silience de la demande des industries chimiques locales.<\/p>\n<p class=\"has-black-color has-text-color\">L\u2019envol\u00e9e des cours internationaux du souffre et de l\u2019ammoniac se serait bien traduite par une hausse des co\u00fbts de production des industries de transformation locale, mais leur activit\u00e9 se serait renforc\u00e9e de 4,2% en variation annuelle, gr\u00e2ce notamment \u00e0 l\u2019affermissement des exportations des d\u00e9riv\u00e9s du phosphate destin\u00e9es aux pays africains et de l\u2019Am\u00e9rique Latine.<\/p>\n<p class=\"has-black-color has-text-color\">Dans ce contexte, la production des minerais non-m\u00e9talliques se serait accrue de 3,1% au deuxi\u00e8me trimestre 2021, alors que celle des m\u00e9taux aurait affich\u00e9 une hausse de 3,6%, dans le sillage de la poursuite du redressement des cours internationaux du zinc, du cuivre et du plomb.<\/p>\n<p class=\"has-black-color has-text-color\">Par ailleurs, le HCP fait savoir que l\u2019activit\u00e9 agricole aurait conserv\u00e9 son dynamisme amorc\u00e9 au d\u00e9but de l\u2019ann\u00e9e 2021, affichant une progression de 19,3% au T2-2021.<\/p>\n<p class=\"has-black-color has-text-color\">Les conditions climatiques printani\u00e8res auraient \u00e9t\u00e9 favorables \u00e0 des rendements sup\u00e9rieurs \u00e0 la moyenne quinquennale pour la plupart des cultures, notamment les c\u00e9r\u00e9ales dont la production aurait d\u00e9pass\u00e9 98 millions de quintaux (Mqx), profitant d\u2019une augmentation de rendement de 13,4 qx \/ha, en moyenne, par rapport \u00e0 2020.<\/p>\n<p class=\"has-black-color has-text-color\">La croissance des autres productions v\u00e9g\u00e9tales se serait, \u00e9galement, acc\u00e9l\u00e9r\u00e9e particuli\u00e8rement dans les zones du Sais et du moyen Atlas, sur fond d\u2019une r\u00e9duction des co\u00fbts d\u2019irrigation et d\u2019une valorisation industrielle plus soutenue des cultures mara\u00eech\u00e8res et fruiti\u00e8res.<\/p>\n<p class=\"has-black-color has-text-color\">Dans les fili\u00e8res animales, la valorisation industrielle serait rest\u00e9e relativement mod\u00e9r\u00e9e, alors que l\u2019am\u00e9lioration des parcours v\u00e9g\u00e9taux et la baisse des prix des aliments de b\u00e9tail auraient continu\u00e9 de soutenir la reconstitution du cheptel, apr\u00e8s deux ann\u00e9es de forte d\u00e9capitalisation.<\/p>\n<p class=\"has-black-color has-text-color\">La production avicole, port\u00e9e par un rattrapage de la demande int\u00e9rieure, aurait constitu\u00e9 le principal soutien \u00e0 l\u2019affermissement de la production animale tir\u00e9e par un redressement de plus de 21% des quantit\u00e9s de viande de poulet de chair et de dindes trait\u00e9es au niveau des abattoirs.<\/p>\n<p>L\u2019article <a rel=\"nofollow\" href=\"http:\/\/albayane.press.ma\/le-second-trimestre-sannonce-prometteur.html\">Le second trimestre s\u2019annonce prometteur<\/a> est apparu en premier sur <a rel=\"nofollow\" href=\"http:\/\/albayane.press.ma\/\">ALBAYANE<\/a>.<\/p>\n<\/div>\n<p>Auteur: M&rsquo;hammed rahal<br \/>\n<a href=\"http:\/\/albayane.press.ma\/le-second-trimestre-sannonce-prometteur.html\">Cliquez ici pour lire l&rsquo;article depuis sa source.<\/a><\/p>\n","protected":false},"excerpt":{"rendered":"<p>Redressement de l\u2019\u00e9conomie nationale L\u2019\u00e9conomie nationale se serait redress\u00e9e de 12,6% au deuxi\u00e8me trimestre 2021, en variation annuelle, selon le Haut-Commissariat au Plan (HCP) Cette \u00e9volution aurait \u00e9t\u00e9 favoris\u00e9e par un accroissement de 19,3% de la valeur ajout\u00e9e agricole et un rebond de 11,7% de la valeur ajout\u00e9e non-agricole, attribuable, en partie, \u00e0 l\u2019effet de [&hellip;]<\/p>\n","protected":false},"author":1760,"featured_media":0,"comment_status":"closed","ping_status":"closed","sticky":false,"template":"","format":"standard","meta":{"fifu_image_url":"","fifu_image_alt":"","footnotes":""},"categories":[73,54],"tags":[],"class_list":["post-120646","post","type-post","status-publish","format-standard","hentry","category-actualite","category-maroc"],"_links":{"self":[{"href":"https:\/\/linitiative.ca\/International\/wp-json\/wp\/v2\/posts\/120646","targetHints":{"allow":["GET"]}}],"collection":[{"href":"https:\/\/linitiative.ca\/International\/wp-json\/wp\/v2\/posts"}],"about":[{"href":"https:\/\/linitiative.ca\/International\/wp-json\/wp\/v2\/types\/post"}],"author":[{"embeddable":true,"href":"https:\/\/linitiative.ca\/International\/wp-json\/wp\/v2\/users\/1760"}],"replies":[{"embeddable":true,"href":"https:\/\/linitiative.ca\/International\/wp-json\/wp\/v2\/comments?post=120646"}],"version-history":[{"count":0,"href":"https:\/\/linitiative.ca\/International\/wp-json\/wp\/v2\/posts\/120646\/revisions"}],"wp:attachment":[{"href":"https:\/\/linitiative.ca\/International\/wp-json\/wp\/v2\/media?parent=120646"}],"wp:term":[{"taxonomy":"category","embeddable":true,"href":"https:\/\/linitiative.ca\/International\/wp-json\/wp\/v2\/categories?post=120646"},{"taxonomy":"post_tag","embeddable":true,"href":"https:\/\/linitiative.ca\/International\/wp-json\/wp\/v2\/tags?post=120646"}],"curies":[{"name":"wp","href":"https:\/\/api.w.org\/{rel}","templated":true}]}}