{"id":120648,"date":"2021-07-07T06:28:30","date_gmt":"2021-07-07T10:28:30","guid":{"rendered":"https:\/\/linitiative.ca\/International\/le-proces-en-appel-de-lislamologue-djabelkhir-reporte-au-20-septembre\/"},"modified":"2021-07-07T06:28:30","modified_gmt":"2021-07-07T10:28:30","slug":"le-proces-en-appel-de-lislamologue-djabelkhir-reporte-au-20-septembre","status":"publish","type":"post","link":"https:\/\/linitiative.ca\/International\/le-proces-en-appel-de-lislamologue-djabelkhir-reporte-au-20-septembre\/","title":{"rendered":"Le proc\u00e8s en appel de l\u2019islamologue Djabelkhir report\u00e9 au 20 septembre"},"content":{"rendered":"<div>\n<div class=\"sriret\"><img loading=\"lazy\" decoding=\"async\" width=\"900\" height=\"544\" src=\"https:\/\/linitiative.ca\/International\/wp-content\/uploads\/sites\/23\/2021\/07\/SaiCC88d-Djabelkhir-e1613296594132.gif\" class=\"attachment-featured_large size-featured_large wp-post-image\" alt=\"Djabelkhir\" style=\"margin-bottom: 15px;\"><\/div>\n<p>Le proc\u00e8s en appel de l\u2019islamologue Said Djabelkhir, condamn\u00e9 pour offense aux pr\u00e9ceptes de l\u2019islam, a \u00e9t\u00e9 report\u00e9 mercredi 7 juillet au 20 septembre prochain en raison de l\u2019absence des plaignants.<\/p>\n<p>Le juge pr\u00e8s le tribunal de Sidi M\u2019hamed avait condamn\u00e9, en avril dernier, Djabelkhir \u00e0 3 ans de prison ferme assorti d\u2019une amende de 50 000 Da.<\/p>\n<p>La plainte avait \u00e9t\u00e9 d\u00e9pos\u00e9e, pour rappel, contre Sa\u00efd Djabelkhir par un enseignant universitaire sp\u00e9cialiste en s\u00e9curit\u00e9 \u00e9lectronique \u00e0 l\u2019universit\u00e9 de Sidi Bel Abbes.<\/p>\n<p style=\"text-align: right;\"><strong><em>APS<\/em><\/strong><\/p>\n<p>L\u2019article <a rel=\"nofollow\" href=\"https:\/\/www.elwatan.com\/edition\/actualite\/le-proces-en-appel-de-lislamologue-djabelkhir-reporte-au-20-septembre-07-07-2021\">Le proc\u00e8s en appel de l\u2019islamologue Djabelkhir report\u00e9 au 20 septembre<\/a> est apparu en premier sur <a rel=\"nofollow\" href=\"https:\/\/www.elwatan.com\/\">El Watan<\/a>.<\/p>\n<\/div>\n<p>Auteur: Mohand Yahiaoui<br \/>\n<a href=\"https:\/\/www.elwatan.com\/edition\/actualite\/le-proces-en-appel-de-lislamologue-djabelkhir-reporte-au-20-septembre-07-07-2021\">Cliquez ici pour lire l&rsquo;article depuis sa source.<\/a><\/p>\n","protected":false},"excerpt":{"rendered":"<p>Le proc\u00e8s en appel de l\u2019islamologue Said Djabelkhir, condamn\u00e9 pour offense aux pr\u00e9ceptes de l\u2019islam, a \u00e9t\u00e9 report\u00e9 mercredi 7 juillet au 20 septembre prochain en raison de l\u2019absence des plaignants. Le juge pr\u00e8s le tribunal de Sidi M\u2019hamed avait condamn\u00e9, en avril dernier, Djabelkhir \u00e0 3 ans de prison ferme assorti d\u2019une amende de [&hellip;]<\/p>\n","protected":false},"author":1743,"featured_media":0,"comment_status":"closed","ping_status":"closed","sticky":false,"template":"","format":"standard","meta":{"fifu_image_url":"https:\/\/www.elwatan.com\/wp-content\/uploads\/2021\/02\/Sai\u0308d-Djabelkhir--e1613296594132.gif","fifu_image_alt":"Le proc\u00e8s en appel de l\u2019islamologue Djabelkhir report\u00e9 au 20 septembre","footnotes":""},"categories":[73,53],"tags":[],"class_list":["post-120648","post","type-post","status-publish","format-standard","hentry","category-actualite","category-algerie"],"_links":{"self":[{"href":"https:\/\/linitiative.ca\/International\/wp-json\/wp\/v2\/posts\/120648","targetHints":{"allow":["GET"]}}],"collection":[{"href":"https:\/\/linitiative.ca\/International\/wp-json\/wp\/v2\/posts"}],"about":[{"href":"https:\/\/linitiative.ca\/International\/wp-json\/wp\/v2\/types\/post"}],"author":[{"embeddable":true,"href":"https:\/\/linitiative.ca\/International\/wp-json\/wp\/v2\/users\/1743"}],"replies":[{"embeddable":true,"href":"https:\/\/linitiative.ca\/International\/wp-json\/wp\/v2\/comments?post=120648"}],"version-history":[{"count":0,"href":"https:\/\/linitiative.ca\/International\/wp-json\/wp\/v2\/posts\/120648\/revisions"}],"wp:attachment":[{"href":"https:\/\/linitiative.ca\/International\/wp-json\/wp\/v2\/media?parent=120648"}],"wp:term":[{"taxonomy":"category","embeddable":true,"href":"https:\/\/linitiative.ca\/International\/wp-json\/wp\/v2\/categories?post=120648"},{"taxonomy":"post_tag","embeddable":true,"href":"https:\/\/linitiative.ca\/International\/wp-json\/wp\/v2\/tags?post=120648"}],"curies":[{"name":"wp","href":"https:\/\/api.w.org\/{rel}","templated":true}]}}