{"id":12065,"date":"2019-02-07T07:16:43","date_gmt":"2019-02-07T12:16:43","guid":{"rendered":"https:\/\/linitiative.ca\/International\/un-reseau-de-trafic-de-drogue-demantele-a-blida\/"},"modified":"2019-02-07T07:16:43","modified_gmt":"2019-02-07T12:16:43","slug":"un-reseau-de-trafic-de-drogue-demantele-a-blida","status":"publish","type":"post","link":"https:\/\/linitiative.ca\/International\/un-reseau-de-trafic-de-drogue-demantele-a-blida\/","title":{"rendered":"Un r\u00e9seau de trafic de drogue d\u00e9mantel\u00e9 \u00e0 Blida"},"content":{"rendered":"<div>\n<div class=\"K2FeedImage\"><img decoding=\"async\" src=\"http:\/\/www.aps.dz\/media\/k2\/items\/cache\/dbf2196269b175f2b32f6088192a36b1_S.jpg\" alt=\"Un r\u00e9seau de trafic de drogue d\u00e9mantel\u00e9 \u00e0 Blida\"><\/div>\n<div class=\"K2FeedIntroText\">\n<p><strong>ALGER &#8211; Un r\u00e9seau de trafic de drogue compos\u00e9 de six narcotrafiquants a \u00e9t\u00e9 d\u00e9mantel\u00e9 et pr\u00e8s de 23 kg de kif trait\u00e9 ont \u00e9t\u00e9 saisis mercredi \u00e0 Blida (1\u00e8re RM), a indiqu\u00e9 jeudi un communiqu\u00e9 du minist\u00e8re de la D\u00e9fense nationale (MDN).<\/strong><\/p>\n<\/div>\n<div class=\"K2FeedFullText\">\n<p>\u00ab\u00a0Dans le cadre de la lutte contre la criminalit\u00e9 organis\u00e9e, un d\u00e9tachement de l\u2019Arm\u00e9e Nationale Populaire, en coordination avec les services de la S\u00fbret\u00e9 Nationale de la wilaya de Blida (1\u00e8re RM) ont d\u00e9mantel\u00e9, le 06 f\u00e9vrier 2019, un r\u00e9seau de trafic de drogue compos\u00e9 de six (06) narcotrafiquants et ont saisi (22,851) kilogrammes de kif trait\u00e9 et un v\u00e9hicule touristique\u00a0\u00bb, a pr\u00e9cis\u00e9 la m\u00eame source.<\/p>\n<hr>\n<h3>Lire aussi:\u00a0<a href=\"http:\/\/www.aps.dz\/algerie\/84427-decouverte-d-une-quantite-de-plus-de-trois-qx-de-cocaine-a-skikda-mdn\" target=\"_blank\" rel=\"noopener noreferrer\">Lutte contre la drogue: plus de 3 quintaux de coca\u00efne d\u00e9couverts \u00e0 Skikda<\/a><\/h3>\n<hr>\n<p>Dans le m\u00eame contexte, des Garde-fronti\u00e8res ont saisi, \u00e0 Tlemcen\/2eRM, 125 kilogrammes de kif trait\u00e9, tandis que des \u00e9l\u00e9ments de la Gendarmerie Nationale ont arr\u00eat\u00e9 trois individus en possession de 1.232 comprim\u00e9s psychotropes.<\/p>\n<p>D\u2019autre part, des d\u00e9tachements de l\u2019ANP ont intercept\u00e9, lors d\u2019op\u00e9rations distinctes men\u00e9es \u00e0 Djanet\/4eRM et Bordj Badji Mokhtar\/6eRM, 19 orpailleurs et saisi 43 groupes \u00e9lectrog\u00e8nes, 20 marteaux piqueurs, 10 concasseurs de pierres, 5 sacs de m\u00e9lange d\u2019or brut et de pierres ainsi que d\u2019autres objets.<\/p>\n<p>En outre, des \u00e9l\u00e9ments de la Gendarmerie Nationale ont appr\u00e9hend\u00e9 quatre organisateurs d\u2019\u00e9migration clandestine et saisi une embarcation de construction artisanale.<\/p>\n<\/div>\n<\/div>\n","protected":false},"excerpt":{"rendered":"<p>ALGER &#8211; Un r\u00e9seau de trafic de drogue compos\u00e9 de six narcotrafiquants a \u00e9t\u00e9 d\u00e9mantel\u00e9 et pr\u00e8s de 23 kg de kif trait\u00e9 ont \u00e9t\u00e9 saisis mercredi \u00e0 Blida (1\u00e8re RM), a indiqu\u00e9 jeudi un communiqu\u00e9 du minist\u00e8re de la D\u00e9fense nationale (MDN). \u00ab\u00a0Dans le cadre de la lutte contre la criminalit\u00e9 organis\u00e9e, un d\u00e9tachement [&hellip;]<\/p>\n","protected":false},"author":1790,"featured_media":12066,"comment_status":"closed","ping_status":"closed","sticky":false,"template":"","format":"standard","meta":{"fifu_image_url":"","fifu_image_alt":"","footnotes":""},"categories":[53,76],"tags":[],"class_list":["post-12065","post","type-post","status-publish","format-standard","has-post-thumbnail","hentry","category-algerie","category-regions"],"_links":{"self":[{"href":"https:\/\/linitiative.ca\/International\/wp-json\/wp\/v2\/posts\/12065","targetHints":{"allow":["GET"]}}],"collection":[{"href":"https:\/\/linitiative.ca\/International\/wp-json\/wp\/v2\/posts"}],"about":[{"href":"https:\/\/linitiative.ca\/International\/wp-json\/wp\/v2\/types\/post"}],"author":[{"embeddable":true,"href":"https:\/\/linitiative.ca\/International\/wp-json\/wp\/v2\/users\/1790"}],"replies":[{"embeddable":true,"href":"https:\/\/linitiative.ca\/International\/wp-json\/wp\/v2\/comments?post=12065"}],"version-history":[{"count":0,"href":"https:\/\/linitiative.ca\/International\/wp-json\/wp\/v2\/posts\/12065\/revisions"}],"wp:featuredmedia":[{"embeddable":true,"href":"https:\/\/linitiative.ca\/International\/wp-json\/"}],"wp:attachment":[{"href":"https:\/\/linitiative.ca\/International\/wp-json\/wp\/v2\/media?parent=12065"}],"wp:term":[{"taxonomy":"category","embeddable":true,"href":"https:\/\/linitiative.ca\/International\/wp-json\/wp\/v2\/categories?post=12065"},{"taxonomy":"post_tag","embeddable":true,"href":"https:\/\/linitiative.ca\/International\/wp-json\/wp\/v2\/tags?post=12065"}],"curies":[{"name":"wp","href":"https:\/\/api.w.org\/{rel}","templated":true}]}}