{"id":120650,"date":"2021-07-07T08:38:58","date_gmt":"2021-07-07T12:38:58","guid":{"rendered":"https:\/\/linitiative.ca\/International\/le-portuguais-tap-lance-deux-liaisons-vers-le-maroc\/"},"modified":"2021-07-07T08:38:58","modified_gmt":"2021-07-07T12:38:58","slug":"le-portuguais-tap-lance-deux-liaisons-vers-le-maroc","status":"publish","type":"post","link":"https:\/\/linitiative.ca\/International\/le-portuguais-tap-lance-deux-liaisons-vers-le-maroc\/","title":{"rendered":"Le Portuguais TAP lance deux liaisons vers le Maroc"},"content":{"rendered":"<div><img decoding=\"async\" width=\"1920\" height=\"1280\" src=\"https:\/\/linitiative.ca\/International\/wp-content\/uploads\/sites\/23\/2021\/07\/TAP-Air-Portugal-14.jpg\" class=\"attachment-post-thumbnail size-post-thumbnail wp-post-image\" alt=\"\" loading=\"lazy\" srcset=\"https:\/\/linitiative.ca\/International\/wp-content\/uploads\/sites\/23\/2021\/07\/TAP-Air-Portugal-14.jpg 1920w, https:\/\/www.challenge.ma\/wp-content\/uploads\/2021\/07\/TAP-Air-Portugal-14-300x200.jpg 300w, https:\/\/www.challenge.ma\/wp-content\/uploads\/2021\/07\/TAP-Air-Portugal-14-1024x683.jpg 1024w, https:\/\/www.challenge.ma\/wp-content\/uploads\/2021\/07\/TAP-Air-Portugal-14-768x512.jpg 768w, https:\/\/www.challenge.ma\/wp-content\/uploads\/2021\/07\/TAP-Air-Portugal-14-1536x1024.jpg 1536w, https:\/\/www.challenge.ma\/wp-content\/uploads\/2021\/07\/TAP-Air-Portugal-14-360x240.jpg 360w, https:\/\/www.challenge.ma\/wp-content\/uploads\/2021\/07\/TAP-Air-Portugal-14-750x500.jpg 750w\" sizes=\"auto, (max-width: 1920px) 100vw, 1920px\" itemprop=\"image\">La compagnie nationale a\u00e9rienne TAP Air Portugal ouvre de nouvelles liaisons avec le Maroc et avec la Tunisie, toutes au d\u00e9part de Lisbonne, dans le cadre de son plan de relance post-pand\u00e9mie, rapporte es.investing.com. Il s\u2019agit de \u00ab\u00a0quatre destinations touristiques importantes qui refl\u00e8tent la position de l\u2019entreprise en Afrique du<\/div>\n<p>Auteur: challenge<br \/>\n<a href=\"https:\/\/www.challenge.ma\/le-portuguais-tap-lance-deux-liaisons-vers-le-maroc-191685\/\">Cliquez ici pour lire l&rsquo;article depuis sa source.<\/a><\/p>\n","protected":false},"excerpt":{"rendered":"<p>La compagnie nationale a\u00e9rienne TAP Air Portugal ouvre de nouvelles liaisons avec le Maroc et avec la Tunisie, toutes au d\u00e9part de Lisbonne, dans le cadre de son plan de relance post-pand\u00e9mie, rapporte es.investing.com. Il s\u2019agit de \u00ab\u00a0quatre destinations touristiques importantes qui refl\u00e8tent la position de l\u2019entreprise en Afrique du Auteur: challenge Cliquez ici pour [&hellip;]<\/p>\n","protected":false},"author":1787,"featured_media":0,"comment_status":"closed","ping_status":"closed","sticky":false,"template":"","format":"standard","meta":{"fifu_image_url":"https:\/\/www.challenge.ma\/wp-content\/uploads\/2021\/07\/TAP-Air-Portugal-14.jpg","fifu_image_alt":"Le Portuguais TAP lance deux liaisons vers le Maroc","footnotes":""},"categories":[78,54],"tags":[],"class_list":["post-120650","post","type-post","status-publish","format-standard","hentry","category-economie","category-maroc"],"_links":{"self":[{"href":"https:\/\/linitiative.ca\/International\/wp-json\/wp\/v2\/posts\/120650","targetHints":{"allow":["GET"]}}],"collection":[{"href":"https:\/\/linitiative.ca\/International\/wp-json\/wp\/v2\/posts"}],"about":[{"href":"https:\/\/linitiative.ca\/International\/wp-json\/wp\/v2\/types\/post"}],"author":[{"embeddable":true,"href":"https:\/\/linitiative.ca\/International\/wp-json\/wp\/v2\/users\/1787"}],"replies":[{"embeddable":true,"href":"https:\/\/linitiative.ca\/International\/wp-json\/wp\/v2\/comments?post=120650"}],"version-history":[{"count":0,"href":"https:\/\/linitiative.ca\/International\/wp-json\/wp\/v2\/posts\/120650\/revisions"}],"wp:attachment":[{"href":"https:\/\/linitiative.ca\/International\/wp-json\/wp\/v2\/media?parent=120650"}],"wp:term":[{"taxonomy":"category","embeddable":true,"href":"https:\/\/linitiative.ca\/International\/wp-json\/wp\/v2\/categories?post=120650"},{"taxonomy":"post_tag","embeddable":true,"href":"https:\/\/linitiative.ca\/International\/wp-json\/wp\/v2\/tags?post=120650"}],"curies":[{"name":"wp","href":"https:\/\/api.w.org\/{rel}","templated":true}]}}