{"id":120652,"date":"2021-07-07T07:41:47","date_gmt":"2021-07-07T11:41:47","guid":{"rendered":"https:\/\/linitiative.ca\/International\/le-dr-rafik-boujdaria-appelle-a-declarer-letat-durgence-sanitaire\/"},"modified":"2021-07-07T07:41:47","modified_gmt":"2021-07-07T11:41:47","slug":"le-dr-rafik-boujdaria-appelle-a-declarer-letat-durgence-sanitaire","status":"publish","type":"post","link":"https:\/\/linitiative.ca\/International\/le-dr-rafik-boujdaria-appelle-a-declarer-letat-durgence-sanitaire\/","title":{"rendered":"Le Dr Rafik Boujdaria appelle \u00e0 d\u00e9clarer l\u2019\u00e9tat d\u2019urgence sanitaire"},"content":{"rendered":"<div>\n<p>Dans une intervention ce mercredi 7 juillet 2021 sur Jawhara FM, Dr Rafik Boujdaria, chef du service des urgences de l\u2019h\u00f4pital Mami \u00e0 l\u2019Ariana, a mis en garde contre une nouvelle d\u00e9t\u00e9rioration de la situation \u00e9pid\u00e9miologique au cours des\u00a0prochaines semaines, \u00e0 la lumi\u00e8re du taux de contamination toujours \u00e9lev\u00e9.<\/p>\n<p>Boujdaria, qui rel\u00e8ve une grande pression sur les services de r\u00e9animation dans les h\u00f4pitaux, appelle \u00e0 d\u00e9clarer l\u2019\u00e9tat d\u2019urgence sanitaire et \u00e0 mobiliser 75% des services hospitaliers pour prendre en charge les patients Covid.<\/p>\n<p>Selon lui, cette vague se poursuivra au cours des 6 prochaines semaines, n\u00e9cessitant des d\u00e9cisions claires pour briser les cycles de contaminations.<\/p>\n<p><strong>espacemanage<\/strong><\/p>\n<p>\u00a0<\/p>\n<p>The post <a href=\"https:\/\/lexpertjournal.net\/fr\/?p=20672\">Le Dr Rafik Boujdaria appelle \u00e0 d\u00e9clarer l\u2019\u00e9tat d\u2019urgence sanitaire<\/a> first appeared on <a href=\"https:\/\/lexpertjournal.net\/fr\">L&rsquo;Expert Journal<\/a>.<\/p>\n<\/div>\n<p>Auteur: L&rsquo;expert<br \/>\n<a href=\"https:\/\/lexpertjournal.net\/fr\/?p=20672\">Cliquez ici pour lire l&rsquo;article depuis sa source.<\/a><\/p>\n","protected":false},"excerpt":{"rendered":"<p>Dans une intervention ce mercredi 7 juillet 2021 sur Jawhara FM, Dr Rafik Boujdaria, chef du service des urgences de l\u2019h\u00f4pital Mami \u00e0 l\u2019Ariana, a mis en garde contre une nouvelle d\u00e9t\u00e9rioration de la situation \u00e9pid\u00e9miologique au cours des\u00a0prochaines semaines, \u00e0 la lumi\u00e8re du taux de contamination toujours \u00e9lev\u00e9. Boujdaria, qui rel\u00e8ve une grande pression [&hellip;]<\/p>\n","protected":false},"author":1775,"featured_media":0,"comment_status":"closed","ping_status":"closed","sticky":false,"template":"","format":"standard","meta":{"fifu_image_url":"","fifu_image_alt":"","footnotes":""},"categories":[78,55],"tags":[],"class_list":["post-120652","post","type-post","status-publish","format-standard","hentry","category-economie","category-tunisie"],"_links":{"self":[{"href":"https:\/\/linitiative.ca\/International\/wp-json\/wp\/v2\/posts\/120652","targetHints":{"allow":["GET"]}}],"collection":[{"href":"https:\/\/linitiative.ca\/International\/wp-json\/wp\/v2\/posts"}],"about":[{"href":"https:\/\/linitiative.ca\/International\/wp-json\/wp\/v2\/types\/post"}],"author":[{"embeddable":true,"href":"https:\/\/linitiative.ca\/International\/wp-json\/wp\/v2\/users\/1775"}],"replies":[{"embeddable":true,"href":"https:\/\/linitiative.ca\/International\/wp-json\/wp\/v2\/comments?post=120652"}],"version-history":[{"count":0,"href":"https:\/\/linitiative.ca\/International\/wp-json\/wp\/v2\/posts\/120652\/revisions"}],"wp:attachment":[{"href":"https:\/\/linitiative.ca\/International\/wp-json\/wp\/v2\/media?parent=120652"}],"wp:term":[{"taxonomy":"category","embeddable":true,"href":"https:\/\/linitiative.ca\/International\/wp-json\/wp\/v2\/categories?post=120652"},{"taxonomy":"post_tag","embeddable":true,"href":"https:\/\/linitiative.ca\/International\/wp-json\/wp\/v2\/tags?post=120652"}],"curies":[{"name":"wp","href":"https:\/\/api.w.org\/{rel}","templated":true}]}}