{"id":120654,"date":"2021-07-07T08:36:24","date_gmt":"2021-07-07T12:36:24","guid":{"rendered":"https:\/\/linitiative.ca\/International\/oujda-hausse-de-02-de-lipc-en-mai\/"},"modified":"2021-07-07T08:36:24","modified_gmt":"2021-07-07T12:36:24","slug":"oujda-hausse-de-02-de-lipc-en-mai","status":"publish","type":"post","link":"https:\/\/linitiative.ca\/International\/oujda-hausse-de-02-de-lipc-en-mai\/","title":{"rendered":"Oujda : Hausse de 0,2 % de l\u2019IPC en mai"},"content":{"rendered":"<div>\n<div style=\"margin-bottom:20px;\"><img loading=\"lazy\" decoding=\"async\" width=\"750\" height=\"430\" src=\"https:\/\/linitiative.ca\/International\/wp-content\/uploads\/sites\/23\/2021\/07\/La-situation-des-marchC3A8s-au-Ramadan-M750C397430-MAP-1.jpg\" class=\"attachment-post-thumbnail size-post-thumbnail wp-post-image\" alt=\"\" srcset=\"https:\/\/linitiative.ca\/International\/wp-content\/uploads\/sites\/23\/2021\/07\/La-situation-des-marchC3A8s-au-Ramadan-M750C397430-MAP-1.jpg 750w, http:\/\/www.mapoujda.ma\/map\/uploads\/2021\/05\/La-situation-des-march\u00e8s-au-Ramadan-M750\u00d7430-MAP-1-300x172.jpg 300w\" sizes=\"auto, (max-width: 750px) 100vw, 750px\"><\/div>\n<div>\n<p style=\"text-align: justify;\">L\u2019indice des prix \u00e0 la consommation (IPC) de la ville d\u2019Oujda a connu une hausse de 0,2 % en mai dernier par rapport au mois pr\u00e9c\u00e9dent.<\/p>\n<p style=\"text-align: justify;\">Cette variation est le r\u00e9sultat de la hausse de l\u2019indice des produits alimentaires de 0,2 % et de l\u2019indice des produits non alimentaires de 0,3%, indique une note de la direction r\u00e9gionale de l\u2019Oriental du Haut-commissariat au plan (HCP).<\/p>\n<p style=\"text-align: justify;\">Les prix des produits alimentaires ont connu entre avril et mai 2021 des hausses notamment pour les \u00abPoissons et fruits de mer\u00bb avec 6,2 %, les \u00abviandes\u00bb avec 3,0%, le \u00absucre, confiture, miel, chocolat et confiseries\u00bb avec 1,4%, les \u00abl\u00e9gumes\u00bb avec 0,6 % et le \u00abcaf\u00e9, th\u00e9 et cacao\u00bb et les \u00abeaux min\u00e9rales, boissons rafraichissantes, jus de fruits et de l\u00e9gumes\u00bb avec 0,2%.<\/p>\n<p style=\"text-align: justify;\">En revanche, les prix ont diminu\u00e9 de 7,3% pour les \u00abFruits\u00bb, de 1,0% pour le \u00ablait, fromage et oeufs\u00bb et de 0,3% pour le \u00abpain et c\u00e9r\u00e9ales\u00bb.<\/p>\n<p style=\"text-align: justify;\">Pour les produits non alimentaires, la hausse des prix a concern\u00e9 essentiellement les \u00abrestaurants, caf\u00e9s et \u00e9tablissements similaires\u00bb avec 2,5% et les \u00abcarburants et lubrifiants pour v\u00e9hicules de tourisme\u00bb avec 1,0%.<\/p>\n<p style=\"text-align: justify;\">Compar\u00e9 au m\u00eame mois de l\u2019ann\u00e9e pr\u00e9c\u00e9dente, l\u2019IPC a enregistr\u00e9 une hausse de 1,7% au cours du mois de mai 2021. Ceci est le r\u00e9sultat de la hausse de l\u2019indice des produits alimentaires de 1,5% et de celui des produits non alimentaires de 1,9%.<\/p>\n<p style=\"text-align: justify;\">Pour les produits non alimentaires, les variations vont d\u2019une baisse de 0,6% pour la \u00absant\u00e9\u00bb \u00e0 une hausse de 10,2% pour le \u00abtransport\u00bb.<\/p>\n<p style=\"text-align: justify;\">Concernant les cinq premiers mois de l\u2019ann\u00e9e 2021, l\u2019indice des prix \u00e0 la consommation a connu une hausse de 0,4 % par rapport \u00e0 la m\u00eame p\u00e9riode de 2020, due \u00e0 la baisse de l\u2019indice des prix des produits alimentaires de 0,2 % et \u00e0 la hausse de l\u2019indice des prix des produits non alimentaires de 0,8%.<\/p>\n<\/div>\n<p>L\u2019article <a rel=\"nofollow\" href=\"http:\/\/www.mapoujda.ma\/fr\/oujda-hausse-de-02-de-lipc-en-mai\/\">Oujda : Hausse de 0,2 % de l\u2019IPC en mai<\/a> est apparu en premier sur <a rel=\"nofollow\" href=\"http:\/\/www.mapoujda.ma\/fr\">MapOujda<\/a>.<\/p>\n<\/div>\n<p>Auteur: Soufiane ELAHMAR<br \/>\n<a href=\"http:\/\/www.mapoujda.ma\/fr\/oujda-hausse-de-02-de-lipc-en-mai\/\">Cliquez ici pour lire l&rsquo;article depuis sa source.<\/a><\/p>\n","protected":false},"excerpt":{"rendered":"<p>L\u2019indice des prix \u00e0 la consommation (IPC) de la ville d\u2019Oujda a connu une hausse de 0,2 % en mai dernier par rapport au mois pr\u00e9c\u00e9dent. Cette variation est le r\u00e9sultat de la hausse de l\u2019indice des produits alimentaires de 0,2 % et de l\u2019indice des produits non alimentaires de 0,3%, indique une note de [&hellip;]<\/p>\n","protected":false},"author":1788,"featured_media":0,"comment_status":"closed","ping_status":"closed","sticky":false,"template":"","format":"standard","meta":{"fifu_image_url":"http:\/\/www.mapoujda.ma\/map\/uploads\/2021\/05\/La-situation-des-march\u00e8s-au-Ramadan-M750\u00d7430-MAP-1.jpg","fifu_image_alt":"Oujda : Hausse de 0,2 % de l\u2019IPC en mai","footnotes":""},"categories":[54,76],"tags":[],"class_list":["post-120654","post","type-post","status-publish","format-standard","hentry","category-maroc","category-regions"],"_links":{"self":[{"href":"https:\/\/linitiative.ca\/International\/wp-json\/wp\/v2\/posts\/120654","targetHints":{"allow":["GET"]}}],"collection":[{"href":"https:\/\/linitiative.ca\/International\/wp-json\/wp\/v2\/posts"}],"about":[{"href":"https:\/\/linitiative.ca\/International\/wp-json\/wp\/v2\/types\/post"}],"author":[{"embeddable":true,"href":"https:\/\/linitiative.ca\/International\/wp-json\/wp\/v2\/users\/1788"}],"replies":[{"embeddable":true,"href":"https:\/\/linitiative.ca\/International\/wp-json\/wp\/v2\/comments?post=120654"}],"version-history":[{"count":0,"href":"https:\/\/linitiative.ca\/International\/wp-json\/wp\/v2\/posts\/120654\/revisions"}],"wp:attachment":[{"href":"https:\/\/linitiative.ca\/International\/wp-json\/wp\/v2\/media?parent=120654"}],"wp:term":[{"taxonomy":"category","embeddable":true,"href":"https:\/\/linitiative.ca\/International\/wp-json\/wp\/v2\/categories?post=120654"},{"taxonomy":"post_tag","embeddable":true,"href":"https:\/\/linitiative.ca\/International\/wp-json\/wp\/v2\/tags?post=120654"}],"curies":[{"name":"wp","href":"https:\/\/api.w.org\/{rel}","templated":true}]}}