{"id":120655,"date":"2021-07-06T14:00:00","date_gmt":"2021-07-06T18:00:00","guid":{"rendered":"https:\/\/linitiative.ca\/International\/une-ultime-session-grandiloquente\/"},"modified":"2021-07-06T14:00:00","modified_gmt":"2021-07-06T18:00:00","slug":"une-ultime-session-grandiloquente","status":"publish","type":"post","link":"https:\/\/linitiative.ca\/International\/une-ultime-session-grandiloquente\/","title":{"rendered":"Une ultime session grandiloquente !"},"content":{"rendered":"<div>\n<p class=\"has-vivid-cyan-blue-color has-text-color\"><strong>Le mandat du conseil de la r\u00e9gion Souss Massa se cl\u00f4t en apoth\u00e9ose. De bout en bout, l\u2019instance r\u00e9gionale ne faillit pas \u00e0 sa mission, en tant qu\u2019entit\u00e9 f\u00e9d\u00e9ratrice de ressources et instigatrice de leviers \u00e0 multiples revenus de productions. Lors de son ultime session, consacr\u00e9e dans sa globalit\u00e9 \u00e0 l\u2019\u00e9v\u00e9nement d\u2019actualit\u00e9 de la Nation, le mot pr\u00e9ambulaire du Wali de la r\u00e9gion s\u2019y est exhaustivement focalis\u00e9 pour en \u00e9clore la strat\u00e9gie fondatrice sur laquelle repose la nouvelle \u00e9bauche du projet de d\u00e9veloppement.<\/strong><\/p>\n<p class=\"has-black-color has-text-color\">Ce speech de haute solennit\u00e9, par un propos fort et un message rigoriste, conviait l\u2019audience \u00e0 en d\u00e9celer les enseignements clairs de la perspective. Il s\u2019agira de pi\u00e9destaux, ax\u00e9s sur la digitalisation g\u00e9n\u00e9ralis\u00e9e, l\u2019organe administratif fort qualifi\u00e9 et efficient, les richesses \u00e0 m\u00eame de financer les projets de mutation, l\u2019implication de marocains du monde et l\u2019instauration d\u2019actions de partenariat international de logique win win. Le chef de file r\u00e9gional met l\u2019accent \u00e9galement sur les fondements de base, susceptibles de mettre sur orbite cette \u00e9bauche en gestation embryonnaire, en \u00a0l\u2019occurrence, une \u00e9conomie productive et diversifi\u00e9e, capable de cr\u00e9er la plus-value et les postes d\u2019emploi de qualit\u00e9, un capital humain apte et pr\u00e9dispos\u00e9 au d\u00e9fi de l\u2019avenir, des opportunit\u00e9s fiables d\u2019int\u00e9gration de tous, de renforcement du lien social et d\u2019espaces territoriaux, en phase d\u2019adaptation pour constituer les conditions d\u2019implantation des bases de d\u00e9veloppent.<\/p>\n<p class=\"has-black-color has-text-color\">Sur le plan des r\u00e9gions du royaume, il est question, rappelle-il, d\u2019\u00e9riger un Maroc r\u00e9gional, \u00e9panoui et vital, \u00e0 travers l\u2019acc\u00e9l\u00e9ration du chantier de la r\u00e9gionalisation avanc\u00e9e, de la mise \u00e0 niveau des ressources humaines et la mobilisation financi\u00e8re des communes, la mise en avant des syst\u00e8mes int\u00e9grants pour raviver l\u2019\u00e9conomie r\u00e9gionale, ainsi que la consolidation de la d\u00e9mocratie participative, \u00e0 l\u2019\u00e9chelon territorial\u2026Il va sans dire que ce discours introductif \u00e0 la connotation de laquelle s\u2019est inspir\u00e9 le rapport du pr\u00e9sident du conseil r\u00e9gional fut marqu\u00e9 par un appel sans ambages, en direction du rehaussement de l\u2019acte r\u00e9gional, \u00e0 travers un dialogue public sur les d\u00e9marches et outils \u00e0 entreprendre pour mat\u00e9rialiser ces orientations. Il ne fait pas de doute que la r\u00e9gion de Souss Massa s\u2019est particuli\u00e8rement illustr\u00e9e \u00e0 cet effet, tout d\u2019abord sur l\u2019engagement des comp\u00e9tences humaines en vue de mettre en application le mod\u00e8le ensuite afin de parfaite la gouvernance idoine et de maximiser le potentiel en pr\u00e9sence. Il convient de rappeler les prouesses que la r\u00e9gion est en passe de mettre en relief au plan investissemental et industriel de par la mise en marche de projets publics d\u2019envergure. C\u2019est sur cette note \u00e9prise de satisfecit, mais aussi d\u2019\u00e9motion que se sont quitt\u00e9s les membres \u00e9lus et les staffs administratifs de cette instance en accolade et en euphorie. \u00a0<\/p>\n<p>L\u2019article <a rel=\"nofollow\" href=\"http:\/\/albayane.press.ma\/une-ultime-session-grandiloquente.html\">Une ultime session grandiloquente !<\/a> est apparu en premier sur <a rel=\"nofollow\" href=\"http:\/\/albayane.press.ma\/\">ALBAYANE<\/a>.<\/p>\n<\/div>\n<p>Auteur: M&rsquo;hammed rahal<br \/>\n<a href=\"http:\/\/albayane.press.ma\/une-ultime-session-grandiloquente.html\">Cliquez ici pour lire l&rsquo;article depuis sa source.<\/a><\/p>\n","protected":false},"excerpt":{"rendered":"<p>Le mandat du conseil de la r\u00e9gion Souss Massa se cl\u00f4t en apoth\u00e9ose. De bout en bout, l\u2019instance r\u00e9gionale ne faillit pas \u00e0 sa mission, en tant qu\u2019entit\u00e9 f\u00e9d\u00e9ratrice de ressources et instigatrice de leviers \u00e0 multiples revenus de productions. Lors de son ultime session, consacr\u00e9e dans sa globalit\u00e9 \u00e0 l\u2019\u00e9v\u00e9nement d\u2019actualit\u00e9 de la Nation, [&hellip;]<\/p>\n","protected":false},"author":1760,"featured_media":0,"comment_status":"closed","ping_status":"closed","sticky":false,"template":"","format":"standard","meta":{"fifu_image_url":"","fifu_image_alt":"","footnotes":""},"categories":[73,54],"tags":[],"class_list":["post-120655","post","type-post","status-publish","format-standard","hentry","category-actualite","category-maroc"],"_links":{"self":[{"href":"https:\/\/linitiative.ca\/International\/wp-json\/wp\/v2\/posts\/120655","targetHints":{"allow":["GET"]}}],"collection":[{"href":"https:\/\/linitiative.ca\/International\/wp-json\/wp\/v2\/posts"}],"about":[{"href":"https:\/\/linitiative.ca\/International\/wp-json\/wp\/v2\/types\/post"}],"author":[{"embeddable":true,"href":"https:\/\/linitiative.ca\/International\/wp-json\/wp\/v2\/users\/1760"}],"replies":[{"embeddable":true,"href":"https:\/\/linitiative.ca\/International\/wp-json\/wp\/v2\/comments?post=120655"}],"version-history":[{"count":0,"href":"https:\/\/linitiative.ca\/International\/wp-json\/wp\/v2\/posts\/120655\/revisions"}],"wp:attachment":[{"href":"https:\/\/linitiative.ca\/International\/wp-json\/wp\/v2\/media?parent=120655"}],"wp:term":[{"taxonomy":"category","embeddable":true,"href":"https:\/\/linitiative.ca\/International\/wp-json\/wp\/v2\/categories?post=120655"},{"taxonomy":"post_tag","embeddable":true,"href":"https:\/\/linitiative.ca\/International\/wp-json\/wp\/v2\/tags?post=120655"}],"curies":[{"name":"wp","href":"https:\/\/api.w.org\/{rel}","templated":true}]}}