{"id":120661,"date":"2021-07-07T06:00:00","date_gmt":"2021-07-07T10:00:00","guid":{"rendered":"https:\/\/linitiative.ca\/International\/la-nouvelle-assemblee-installee-demain\/"},"modified":"2021-07-07T06:00:00","modified_gmt":"2021-07-07T10:00:00","slug":"la-nouvelle-assemblee-installee-demain","status":"publish","type":"post","link":"https:\/\/linitiative.ca\/International\/la-nouvelle-assemblee-installee-demain\/","title":{"rendered":"La nouvelle Assembl\u00e9e install\u00e9e demain"},"content":{"rendered":"<div>La nouvelle Assembl\u00e9e populaire nationale, issue des \u00e9lections l\u00e9gislatives anticip\u00e9es du 12 juin dernier, sera install\u00e9e demain. Ce qui mettra fin \u00e0 la vacance de la Chambre basse du Parlement suite \u00e0 la dissolution de la<\/div>\n<p>Auteur:<br \/>\n<a href=\"https:\/\/www.lesoirdalgerie.com\/actualites\/la-nouvelle-assemblee-installee-demain-64004\">Cliquez ici pour lire l&rsquo;article depuis sa source.<\/a><\/p>\n","protected":false},"excerpt":{"rendered":"<p>La nouvelle Assembl\u00e9e populaire nationale, issue des \u00e9lections l\u00e9gislatives anticip\u00e9es du 12 juin dernier, sera install\u00e9e demain. Ce qui mettra fin \u00e0 la vacance de la Chambre basse du Parlement suite \u00e0 la dissolution de la Auteur: Cliquez ici pour lire l&rsquo;article depuis sa source.<\/p>\n","protected":false},"author":1741,"featured_media":0,"comment_status":"closed","ping_status":"closed","sticky":false,"template":"","format":"standard","meta":{"fifu_image_url":"","fifu_image_alt":"","footnotes":""},"categories":[73,53],"tags":[],"class_list":["post-120661","post","type-post","status-publish","format-standard","hentry","category-actualite","category-algerie"],"_links":{"self":[{"href":"https:\/\/linitiative.ca\/International\/wp-json\/wp\/v2\/posts\/120661","targetHints":{"allow":["GET"]}}],"collection":[{"href":"https:\/\/linitiative.ca\/International\/wp-json\/wp\/v2\/posts"}],"about":[{"href":"https:\/\/linitiative.ca\/International\/wp-json\/wp\/v2\/types\/post"}],"author":[{"embeddable":true,"href":"https:\/\/linitiative.ca\/International\/wp-json\/wp\/v2\/users\/1741"}],"replies":[{"embeddable":true,"href":"https:\/\/linitiative.ca\/International\/wp-json\/wp\/v2\/comments?post=120661"}],"version-history":[{"count":0,"href":"https:\/\/linitiative.ca\/International\/wp-json\/wp\/v2\/posts\/120661\/revisions"}],"wp:attachment":[{"href":"https:\/\/linitiative.ca\/International\/wp-json\/wp\/v2\/media?parent=120661"}],"wp:term":[{"taxonomy":"category","embeddable":true,"href":"https:\/\/linitiative.ca\/International\/wp-json\/wp\/v2\/categories?post=120661"},{"taxonomy":"post_tag","embeddable":true,"href":"https:\/\/linitiative.ca\/International\/wp-json\/wp\/v2\/tags?post=120661"}],"curies":[{"name":"wp","href":"https:\/\/api.w.org\/{rel}","templated":true}]}}