{"id":120662,"date":"2021-07-07T09:50:27","date_gmt":"2021-07-07T13:50:27","guid":{"rendered":"https:\/\/linitiative.ca\/International\/man-city-sterling-ne-ferme-pas-la-porte-a-un-depart-cet-ete\/"},"modified":"2021-07-07T09:50:27","modified_gmt":"2021-07-07T13:50:27","slug":"man-city-sterling-ne-ferme-pas-la-porte-a-un-depart-cet-ete","status":"publish","type":"post","link":"https:\/\/linitiative.ca\/International\/man-city-sterling-ne-ferme-pas-la-porte-a-un-depart-cet-ete\/","title":{"rendered":"Man City : Sterling ne ferme pas la porte \u00e0 un d\u00e9part cet \u00e9t\u00e9"},"content":{"rendered":"<div>Tr\u00e8s en vue durant cet Euro 2020 avec notamment trois buts depuis le d\u00e9but de la comp\u00e9tition, Raheem Sterling voit sa c\u00f4te monter en fl\u00e8che<img loading=\"lazy\" decoding=\"async\" src=\"http:\/\/feeds.feedburner.com\/~r\/GalerieFArtciles\/~4\/wLCiGxLWuaw\" height=\"1\" width=\"1\" alt=\"\"><\/div>\n<p>Auteur:<br \/>\n<a href=\"http:\/\/www.lebuteur.com\/article\/detail?titre=man-city-sterling-ne-ferme-pas-la-porte-a-un-depart-cet-ete&#038;id=100566&#038;utm_source=feedburner&#038;utm_medium=feed&#038;utm_campaign=Feed%3A+GalerieFArtciles+%28Les+derniers+articles++-+lebuteur.com%29\">Cliquez ici pour lire l&rsquo;article depuis sa source.<\/a><\/p>\n","protected":false},"excerpt":{"rendered":"<p>Tr\u00e8s en vue durant cet Euro 2020 avec notamment trois buts depuis le d\u00e9but de la comp\u00e9tition, Raheem Sterling voit sa c\u00f4te monter en fl\u00e8che Auteur: Cliquez ici pour lire l&rsquo;article depuis sa source.<\/p>\n","protected":false},"author":1738,"featured_media":0,"comment_status":"closed","ping_status":"closed","sticky":false,"template":"","format":"standard","meta":{"fifu_image_url":"http:\/\/feeds.feedburner.com\/~r\/GalerieFArtciles\/~4\/wLCiGxLWuaw","fifu_image_alt":"Man City : Sterling ne ferme pas la porte \u00e0 un d\u00e9part cet \u00e9t\u00e9","footnotes":""},"categories":[53,75],"tags":[],"class_list":["post-120662","post","type-post","status-publish","format-standard","hentry","category-algerie","category-sport"],"_links":{"self":[{"href":"https:\/\/linitiative.ca\/International\/wp-json\/wp\/v2\/posts\/120662","targetHints":{"allow":["GET"]}}],"collection":[{"href":"https:\/\/linitiative.ca\/International\/wp-json\/wp\/v2\/posts"}],"about":[{"href":"https:\/\/linitiative.ca\/International\/wp-json\/wp\/v2\/types\/post"}],"author":[{"embeddable":true,"href":"https:\/\/linitiative.ca\/International\/wp-json\/wp\/v2\/users\/1738"}],"replies":[{"embeddable":true,"href":"https:\/\/linitiative.ca\/International\/wp-json\/wp\/v2\/comments?post=120662"}],"version-history":[{"count":0,"href":"https:\/\/linitiative.ca\/International\/wp-json\/wp\/v2\/posts\/120662\/revisions"}],"wp:attachment":[{"href":"https:\/\/linitiative.ca\/International\/wp-json\/wp\/v2\/media?parent=120662"}],"wp:term":[{"taxonomy":"category","embeddable":true,"href":"https:\/\/linitiative.ca\/International\/wp-json\/wp\/v2\/categories?post=120662"},{"taxonomy":"post_tag","embeddable":true,"href":"https:\/\/linitiative.ca\/International\/wp-json\/wp\/v2\/tags?post=120662"}],"curies":[{"name":"wp","href":"https:\/\/api.w.org\/{rel}","templated":true}]}}