{"id":120663,"date":"2021-07-07T07:30:00","date_gmt":"2021-07-07T11:30:00","guid":{"rendered":"https:\/\/linitiative.ca\/International\/une-utilisation-intensive-du-chlore-a-lorigine-de-lincident-de-la-plage-de-tenes\/"},"modified":"2021-07-07T07:30:00","modified_gmt":"2021-07-07T11:30:00","slug":"une-utilisation-intensive-du-chlore-a-lorigine-de-lincident-de-la-plage-de-tenes","status":"publish","type":"post","link":"https:\/\/linitiative.ca\/International\/une-utilisation-intensive-du-chlore-a-lorigine-de-lincident-de-la-plage-de-tenes\/","title":{"rendered":"Une utilisation intensive du chlore \u00e0 l\u2019origine de l\u2019incident de la plage de T\u00e9n\u00e8s"},"content":{"rendered":"<div>Le minist\u00e8re de l\u2019int\u00e9rieur a rendu public, ce mercredi,  les r\u00e9sultats des analyses biologiques men\u00e9es sur des \u00e9chantillons de l\u2019eau de la plage de T\u00e9n\u00e8s, dans la wilaya de Chlef, o\u00f9 149 baigneurs  avaient \u00e9t\u00e9 atteints, dimanche&#8230;<\/div>\n<p>Auteur:<br \/>\n<a href=\"https:\/\/www.liberte-algerie.com\/actualite\/une-utilisation-intensive-du-chlore-a-lorigine-de-lincident-de-la-plage-de-tenes-361577\">Cliquez ici pour lire l&rsquo;article depuis sa source.<\/a><\/p>\n","protected":false},"excerpt":{"rendered":"<p>Le minist\u00e8re de l\u2019int\u00e9rieur a rendu public, ce mercredi, les r\u00e9sultats des analyses biologiques men\u00e9es sur des \u00e9chantillons de l\u2019eau de la plage de T\u00e9n\u00e8s, dans la wilaya de Chlef, o\u00f9 149 baigneurs avaient \u00e9t\u00e9 atteints, dimanche&#8230; Auteur: Cliquez ici pour lire l&rsquo;article depuis sa source.<\/p>\n","protected":false},"author":1742,"featured_media":0,"comment_status":"closed","ping_status":"closed","sticky":false,"template":"","format":"standard","meta":{"fifu_image_url":"","fifu_image_alt":"","footnotes":""},"categories":[73,53],"tags":[],"class_list":["post-120663","post","type-post","status-publish","format-standard","hentry","category-actualite","category-algerie"],"_links":{"self":[{"href":"https:\/\/linitiative.ca\/International\/wp-json\/wp\/v2\/posts\/120663","targetHints":{"allow":["GET"]}}],"collection":[{"href":"https:\/\/linitiative.ca\/International\/wp-json\/wp\/v2\/posts"}],"about":[{"href":"https:\/\/linitiative.ca\/International\/wp-json\/wp\/v2\/types\/post"}],"author":[{"embeddable":true,"href":"https:\/\/linitiative.ca\/International\/wp-json\/wp\/v2\/users\/1742"}],"replies":[{"embeddable":true,"href":"https:\/\/linitiative.ca\/International\/wp-json\/wp\/v2\/comments?post=120663"}],"version-history":[{"count":0,"href":"https:\/\/linitiative.ca\/International\/wp-json\/wp\/v2\/posts\/120663\/revisions"}],"wp:attachment":[{"href":"https:\/\/linitiative.ca\/International\/wp-json\/wp\/v2\/media?parent=120663"}],"wp:term":[{"taxonomy":"category","embeddable":true,"href":"https:\/\/linitiative.ca\/International\/wp-json\/wp\/v2\/categories?post=120663"},{"taxonomy":"post_tag","embeddable":true,"href":"https:\/\/linitiative.ca\/International\/wp-json\/wp\/v2\/tags?post=120663"}],"curies":[{"name":"wp","href":"https:\/\/api.w.org\/{rel}","templated":true}]}}