{"id":120665,"date":"2021-07-06T14:00:00","date_gmt":"2021-07-06T18:00:00","guid":{"rendered":"https:\/\/linitiative.ca\/International\/omar-zniber-le-regime-algerien-seul-responsable-des-souffrances-de-la-population-de-tindouf\/"},"modified":"2021-07-06T14:00:00","modified_gmt":"2021-07-06T18:00:00","slug":"omar-zniber-le-regime-algerien-seul-responsable-des-souffrances-de-la-population-de-tindouf","status":"publish","type":"post","link":"https:\/\/linitiative.ca\/International\/omar-zniber-le-regime-algerien-seul-responsable-des-souffrances-de-la-population-de-tindouf\/","title":{"rendered":"Omar Zniber : \u00ab Le r\u00e9gime alg\u00e9rien, seul responsable des souffrances de la population de Tindouf \u00bb"},"content":{"rendered":"<div>\n<p class=\"has-text-align-center has-vivid-cyan-blue-color has-text-color\"><strong>81\u00e8me r\u00e9union du Comit\u00e9 permanent du HCR<\/strong><\/p>\n<p class=\"has-text-align-left has-black-color has-text-color\"><strong>Le r\u00e9gime alg\u00e9rien est le seul responsable de la persistance des souffrances de la population des camps de Tindouf, en emp\u00eachant leur retour volontaire \u00e0 la m\u00e8re-patrie, et en s\u2019obstinant \u00e0 refuser leur recensement depuis plus de 40 ans, sous des pr\u00e9textes fallacieux et inacceptables au regard du droit international humanitaire, a soulign\u00e9 lundi l\u2019ambassadeur repr\u00e9sentant permanent du Maroc \u00e0 Gen\u00e8ve, Omar Zniber.<\/strong><\/p>\n<p class=\"has-text-align-left has-black-color has-text-color\">R\u00e9agissant aux propos du repr\u00e9sentant de l\u2019Alg\u00e9rie qui cherchait \u00e0 d\u00e9tourner \u00e0 des fins politiques un d\u00e9bat lors de la 81\u00e8me r\u00e9union du Comit\u00e9 permanent du Haut Commissariat pour les r\u00e9fugi\u00e9s (HCR), M. Zniber a d\u00e9nonc\u00e9 le blocus impos\u00e9 par le r\u00e9gime alg\u00e9rien aux s\u00e9questr\u00e9s des camps de Tindouf dans des conditions inhumaines et d\u00e9gradantes, qui se sont davantage d\u00e9t\u00e9rior\u00e9es dans le contexte de la pand\u00e9mie de Covid-19.<\/p>\n<p class=\"has-text-align-left has-black-color has-text-color\">L\u2019ambassadeur a point\u00e9 du doigt, dans ce sens, l\u2019enti\u00e8re responsabilit\u00e9 du r\u00e9gime alg\u00e9rien dans le d\u00e9tournement de l\u2019aide humanitaire destin\u00e9e aux habitants des camps de Tindouf, dont les souffrances sont exploit\u00e9es depuis des d\u00e9cennies comme fonds de commerce.<\/p>\n<p class=\"has-text-align-left has-black-color has-text-color\">Il s\u2019est \u00e9lev\u00e9 \u00e9galement contre les multiples violations des droits de l\u2019homme dans lesdits camps, et les abus les plus horribles commis \u00e0 l\u2019encontre des groupes vuln\u00e9rables tels que les femmes, en plus de l\u2019enr\u00f4lement des enfants dans les conflits arm\u00e9s et les actes de violence.<\/p>\n<p class=\"has-text-align-left has-black-color has-text-color\">M. Zniber a fustig\u00e9, de m\u00eame, la d\u00e9volution par l\u2019Alg\u00e9rie de ses pouvoirs au groupe arm\u00e9 du polisario dans les camps de Tindouf, ce qui constitue une situation exceptionnelle sans pr\u00e9c\u00e9dent en droit international. Il a \u00e9galement attir\u00e9 l\u2019attention sur la militarisation des camps de Tindouf en violation des principes du droit international.<\/p>\n<p class=\"has-text-align-left has-black-color has-text-color\">Apr\u00e8s avoir rappel\u00e9 les man\u0153uvres de l\u2019Alg\u00e9rie en vue d\u2019entraver les efforts politiques et humanitaires au sujet du diff\u00e9rend artificiel autour du Sahara marocain, M. Zniber a fait observer que le r\u00e9gime alg\u00e9rien qui manque de l\u00e9gitimit\u00e9 sur le plan interne, comme en t\u00e9moigne la r\u00e9cente farce \u00e9lectorale, cherche \u00e0 travers le dossier du Sahara, \u00e0 d\u00e9tourner l\u2019attention sur ses crises internes, tout en ignorant les revendications d\u00e9mocratiques et l\u00e9gitimes du peuple alg\u00e9rien pour une vie digne.<\/p>\n<p class=\"has-text-align-left has-black-color has-text-color\">Zniber s\u2019est attard\u00e9 par ailleurs sur l\u2019essor socio-\u00e9conomique que connaissent les provinces du sud du Royaume, \u00e0 la faveur d\u2019importants investissements ayant permis d\u2019\u00e9riger la r\u00e9gion en locomotive de d\u00e9veloppement pour l\u2019Afrique subsaharienne, et incit\u00e9 de nombreux pays \u00e0 y investir et \u00e0 y ouvrir plus de 20 repr\u00e9sentations diplomatiques, renfor\u00e7ant l\u2019\u00e9lan des reconnaissances successives de la marocanit\u00e9 du Sahara.<\/p>\n<p class=\"has-text-align-left has-black-color has-text-color\">Il a relev\u00e9, d\u2019autre part, que le r\u00e9gime alg\u00e9rien, en tant que partie au conflit du Sahara, \u00ab reste prisonnier de la doctrine de la guerre froide et d\u2019illusions g\u00e9opolitiques \u00e9troites, contraires aux int\u00e9r\u00eats communs des peuples de la r\u00e9gion et \u00e0 leurs aspirations \u00e0 l\u2019unit\u00e9 et au d\u00e9veloppement \u00bb.<\/p>\n<p class=\"has-text-align-left has-black-color has-text-color\">Lors de cette r\u00e9union, Zniber a r\u00e9it\u00e9r\u00e9 l\u2019engagement du Maroc, acteur pionnier de l\u2019action humanitaire internationale, sous le leadership de SM le Roi Mohammed VI, \u00e0 poursuivre sa contribution aux efforts collectifs de solidarit\u00e9 et de coop\u00e9ration au profit des r\u00e9fugi\u00e9s, des personnes d\u00e9plac\u00e9es et des populations vuln\u00e9rables.<\/p>\n<p class=\"has-text-align-left has-black-color has-text-color\">Il a rappel\u00e9 dans ce sens les actions de grande envergure d\u00e9ploy\u00e9es par le Maroc au profit de nombreux pays par l\u2019interm\u00e9diaire de v\u00e9ritables ponts a\u00e9riens humanitaires et le d\u00e9ploiement d\u2019h\u00f4pitaux de campagne pour faire face aux diverses crises humanitaires et aux urgences mondiales et d\u2019all\u00e9ger les souffrances des personnes d\u00e9plac\u00e9es.<\/p>\n<p>L\u2019article <a rel=\"nofollow\" href=\"http:\/\/albayane.press.ma\/omar-zniber-le-regime-algerien-seul-responsable-des-souffrances-de-la-population-de-tindouf.html\">Omar Zniber : \u00ab Le r\u00e9gime alg\u00e9rien, seul responsable des souffrances de la population de Tindouf \u00bb<\/a> est apparu en premier sur <a rel=\"nofollow\" href=\"http:\/\/albayane.press.ma\/\">ALBAYANE<\/a>.<\/p>\n<\/div>\n<p>Auteur: M&rsquo;hammed rahal<br \/>\n<a href=\"http:\/\/albayane.press.ma\/omar-zniber-le-regime-algerien-seul-responsable-des-souffrances-de-la-population-de-tindouf.html\">Cliquez ici pour lire l&rsquo;article depuis sa source.<\/a><\/p>\n","protected":false},"excerpt":{"rendered":"<p>81\u00e8me r\u00e9union du Comit\u00e9 permanent du HCR Le r\u00e9gime alg\u00e9rien est le seul responsable de la persistance des souffrances de la population des camps de Tindouf, en emp\u00eachant leur retour volontaire \u00e0 la m\u00e8re-patrie, et en s\u2019obstinant \u00e0 refuser leur recensement depuis plus de 40 ans, sous des pr\u00e9textes fallacieux et inacceptables au regard du [&hellip;]<\/p>\n","protected":false},"author":1760,"featured_media":0,"comment_status":"closed","ping_status":"closed","sticky":false,"template":"","format":"standard","meta":{"fifu_image_url":"","fifu_image_alt":"","footnotes":""},"categories":[73,54],"tags":[],"class_list":["post-120665","post","type-post","status-publish","format-standard","hentry","category-actualite","category-maroc"],"_links":{"self":[{"href":"https:\/\/linitiative.ca\/International\/wp-json\/wp\/v2\/posts\/120665","targetHints":{"allow":["GET"]}}],"collection":[{"href":"https:\/\/linitiative.ca\/International\/wp-json\/wp\/v2\/posts"}],"about":[{"href":"https:\/\/linitiative.ca\/International\/wp-json\/wp\/v2\/types\/post"}],"author":[{"embeddable":true,"href":"https:\/\/linitiative.ca\/International\/wp-json\/wp\/v2\/users\/1760"}],"replies":[{"embeddable":true,"href":"https:\/\/linitiative.ca\/International\/wp-json\/wp\/v2\/comments?post=120665"}],"version-history":[{"count":0,"href":"https:\/\/linitiative.ca\/International\/wp-json\/wp\/v2\/posts\/120665\/revisions"}],"wp:attachment":[{"href":"https:\/\/linitiative.ca\/International\/wp-json\/wp\/v2\/media?parent=120665"}],"wp:term":[{"taxonomy":"category","embeddable":true,"href":"https:\/\/linitiative.ca\/International\/wp-json\/wp\/v2\/categories?post=120665"},{"taxonomy":"post_tag","embeddable":true,"href":"https:\/\/linitiative.ca\/International\/wp-json\/wp\/v2\/tags?post=120665"}],"curies":[{"name":"wp","href":"https:\/\/api.w.org\/{rel}","templated":true}]}}