{"id":120667,"date":"2021-07-07T07:54:31","date_gmt":"2021-07-07T11:54:31","guid":{"rendered":"https:\/\/linitiative.ca\/International\/vague-de-chaleur-et-averses-orageuses-alerte-meteo-orange-du-vendredi-au-lundi\/"},"modified":"2021-07-07T07:54:31","modified_gmt":"2021-07-07T11:54:31","slug":"vague-de-chaleur-et-averses-orageuses-alerte-meteo-orange-du-vendredi-au-lundi","status":"publish","type":"post","link":"https:\/\/linitiative.ca\/International\/vague-de-chaleur-et-averses-orageuses-alerte-meteo-orange-du-vendredi-au-lundi\/","title":{"rendered":"Vague de chaleur et averses orageuses : Alerte m\u00e9t\u00e9o orange du vendredi au lundi"},"content":{"rendered":"<div>\n<p><img decoding=\"async\" width=\"300\" height=\"153\" src=\"https:\/\/linitiative.ca\/International\/wp-content\/uploads\/sites\/23\/2021\/07\/vague-de-forte-chaleur-300x153-1.jpg\" class=\"attachment-medium size-medium wp-post-image\" alt=\"\" loading=\"lazy\" srcset=\"\/\/aujourdhui.ma\/wp-content\/uploads\/2020\/08\/vague-de-forte-chaleur-300x153.jpg 300w, \/\/aujourdhui.ma\/wp-content\/uploads\/2020\/08\/vague-de-forte-chaleur-274x140.jpg 274w, \/\/aujourdhui.ma\/wp-content\/uploads\/2020\/08\/vague-de-forte-chaleur.jpg 746w, \/\/aujourdhui.ma\/wp-content\/uploads\/2020\/08\/vague-de-forte-chaleur-165x84.jpg 165w, \/\/aujourdhui.ma\/wp-content\/uploads\/2020\/08\/vague-de-forte-chaleur-702x358.jpg 702w\" sizes=\"auto, (max-width: 300px) 100vw, 300px\"><\/p>\n<p><span style=\"font-size: 20px; color: #800000;\"><strong>Une vague de chaleur avec Chergui est pr\u00e9vue du vendredi au lundi ainsi que des averses orageuses localement fortes attendues mercredi dans plusieurs provinces du Royaume.<\/strong> <\/span><span id=\"more-381057\"><\/span><\/p>\n<p>C\u2019est ce qu\u2019a annonc\u00e9 mercredi la Direction g\u00e9n\u00e9rale de la m\u00e9t\u00e9orologie dans un bulletin d\u2019alerte m\u00e9t\u00e9orologique faisant \u00e9tat d\u2019un niveau de vigilance orange. Se r\u00e9f\u00e9rant au communiqu\u00e9 de la DGM, des temp\u00e9ratures variant entre 40 et 45\u00b0C concerneront, vendredi, les provinces Beni Mellal, El Hajeb, Fes, Fquih Ben Salah, K\u00e9nitra, Khenifra, Khouribga, Mekn\u00e8s, Moulay Yacoub, Ouezzane, Sefrou, Settat, Sidi Kacem, Sidi Slimane, Taounate, Tata, Taza et Zagora. Du samedi au lundi, les temp\u00e9ratures oscilleront \u00e9galement entre 44 et 48\u00b0C dans les provinces de Sidi Kacem, Sidi Slimane, K\u00e9nitra, Taounate, Ouezzane, F\u00e8s, Mekn\u00e8s, Moulay Yacoub, El Hajeb, Sefrou, Kh\u00e9misset, Kh\u00e9nifra, Khouribga, Benslimane, Berrechid, Settat, El Kelaa des Sraghna, Rehamna, Youssoufia, Sidi Bennour, Marrakech, Fquih Ben Salah, Beni Mellal, Taroudant, Guelmim, Assa-Zag, Es-Semara, Tata et Zagora.<\/p>\n<p>Les temp\u00e9ratures variant entre 40 et 44\u00b0C concerneront les provinces d\u2019Agadir-Ida-Ou-Tanane, Larache, Chichaoua, Driouch, Chefchaouen, El Jadida, Essaouira (int\u00e9rieur), Nouacer, Guercif, Nador, Oujda-Angad, Jerada, Safi (int\u00e9rieur), Sidi Ifni, Taza et Taourirt mais \u00e9galement de 33 \u00e0 37\u00b0C \u00e0 Al Hoceima, Casablanca, Mohammadia, Rabat, Sal\u00e9, Berkane, Skhirate-Temara et Tanger-Assilah. Par ailleurs, le communiqu\u00e9 pr\u00e9cise que cette vague de chaleur persistera au cours de la semaine prochaine sur le Centre et le Sud avec une baisse notable des temp\u00e9ratures sur les plaines Nord et l\u2019Oriental. Des averses orageuses localement fortes (de 15 \u00e0 25 mm) concerneront, ce mercredi de 15h \u00e0 20h, les provinces de Boulemane, Midelt et Ifrane.<\/p>\n<\/div>\n<p>Auteur: ALM<br \/>\n<a href=\"https:\/\/aujourdhui.ma\/societe\/vague-de-chaleur-et-averses-orageuses-alerte-meteo-orange-du-vendredi-au-lundi\">Cliquez ici pour lire l&rsquo;article depuis sa source.<\/a><\/p>\n","protected":false},"excerpt":{"rendered":"<p>Une vague de chaleur avec Chergui est pr\u00e9vue du vendredi au lundi ainsi que des averses orageuses localement fortes attendues mercredi dans plusieurs provinces du Royaume. C\u2019est ce qu\u2019a annonc\u00e9 mercredi la Direction g\u00e9n\u00e9rale de la m\u00e9t\u00e9orologie dans un bulletin d\u2019alerte m\u00e9t\u00e9orologique faisant \u00e9tat d\u2019un niveau de vigilance orange. Se r\u00e9f\u00e9rant au communiqu\u00e9 de la [&hellip;]<\/p>\n","protected":false},"author":1759,"featured_media":0,"comment_status":"closed","ping_status":"closed","sticky":false,"template":"","format":"standard","meta":{"fifu_image_url":"https:\/\/aujourdhui.ma\/wp-content\/uploads\/2020\/08\/vague-de-forte-chaleur-300x153.jpg","fifu_image_alt":"Vague de chaleur et averses orageuses : Alerte m\u00e9t\u00e9o orange du vendredi au lundi","footnotes":""},"categories":[73,54],"tags":[],"class_list":["post-120667","post","type-post","status-publish","format-standard","hentry","category-actualite","category-maroc"],"_links":{"self":[{"href":"https:\/\/linitiative.ca\/International\/wp-json\/wp\/v2\/posts\/120667","targetHints":{"allow":["GET"]}}],"collection":[{"href":"https:\/\/linitiative.ca\/International\/wp-json\/wp\/v2\/posts"}],"about":[{"href":"https:\/\/linitiative.ca\/International\/wp-json\/wp\/v2\/types\/post"}],"author":[{"embeddable":true,"href":"https:\/\/linitiative.ca\/International\/wp-json\/wp\/v2\/users\/1759"}],"replies":[{"embeddable":true,"href":"https:\/\/linitiative.ca\/International\/wp-json\/wp\/v2\/comments?post=120667"}],"version-history":[{"count":0,"href":"https:\/\/linitiative.ca\/International\/wp-json\/wp\/v2\/posts\/120667\/revisions"}],"wp:attachment":[{"href":"https:\/\/linitiative.ca\/International\/wp-json\/wp\/v2\/media?parent=120667"}],"wp:term":[{"taxonomy":"category","embeddable":true,"href":"https:\/\/linitiative.ca\/International\/wp-json\/wp\/v2\/categories?post=120667"},{"taxonomy":"post_tag","embeddable":true,"href":"https:\/\/linitiative.ca\/International\/wp-json\/wp\/v2\/tags?post=120667"}],"curies":[{"name":"wp","href":"https:\/\/api.w.org\/{rel}","templated":true}]}}