{"id":120670,"date":"2021-07-07T06:00:00","date_gmt":"2021-07-07T10:00:00","guid":{"rendered":"https:\/\/linitiative.ca\/International\/qui-se-souvient-des-anciens-futurs-ministres\/"},"modified":"2021-07-07T06:00:00","modified_gmt":"2021-07-07T10:00:00","slug":"qui-se-souvient-des-anciens-futurs-ministres","status":"publish","type":"post","link":"https:\/\/linitiative.ca\/International\/qui-se-souvient-des-anciens-futurs-ministres\/","title":{"rendered":"Qui se souvient des anciens- futurs ministres ?"},"content":{"rendered":"<div>Avec une r\u00e9gularit\u00e9 de m\u00e9tronome et une t\u00e9nacit\u00e9 \u00e0 toute \u00e9preuve, il revenait \u00e0 chaque<\/div>\n<p>Auteur:<br \/>\n<a href=\"https:\/\/www.lesoirdalgerie.com\/constances\/qui-se-souvient-des-anciens-futurs-ministres-64003\">Cliquez ici pour lire l&rsquo;article depuis sa source.<\/a><\/p>\n","protected":false},"excerpt":{"rendered":"<p>Avec une r\u00e9gularit\u00e9 de m\u00e9tronome et une t\u00e9nacit\u00e9 \u00e0 toute \u00e9preuve, il revenait \u00e0 chaque Auteur: Cliquez ici pour lire l&rsquo;article depuis sa source.<\/p>\n","protected":false},"author":1741,"featured_media":0,"comment_status":"closed","ping_status":"closed","sticky":false,"template":"","format":"standard","meta":{"fifu_image_url":"","fifu_image_alt":"","footnotes":""},"categories":[73,53],"tags":[],"class_list":["post-120670","post","type-post","status-publish","format-standard","hentry","category-actualite","category-algerie"],"_links":{"self":[{"href":"https:\/\/linitiative.ca\/International\/wp-json\/wp\/v2\/posts\/120670","targetHints":{"allow":["GET"]}}],"collection":[{"href":"https:\/\/linitiative.ca\/International\/wp-json\/wp\/v2\/posts"}],"about":[{"href":"https:\/\/linitiative.ca\/International\/wp-json\/wp\/v2\/types\/post"}],"author":[{"embeddable":true,"href":"https:\/\/linitiative.ca\/International\/wp-json\/wp\/v2\/users\/1741"}],"replies":[{"embeddable":true,"href":"https:\/\/linitiative.ca\/International\/wp-json\/wp\/v2\/comments?post=120670"}],"version-history":[{"count":0,"href":"https:\/\/linitiative.ca\/International\/wp-json\/wp\/v2\/posts\/120670\/revisions"}],"wp:attachment":[{"href":"https:\/\/linitiative.ca\/International\/wp-json\/wp\/v2\/media?parent=120670"}],"wp:term":[{"taxonomy":"category","embeddable":true,"href":"https:\/\/linitiative.ca\/International\/wp-json\/wp\/v2\/categories?post=120670"},{"taxonomy":"post_tag","embeddable":true,"href":"https:\/\/linitiative.ca\/International\/wp-json\/wp\/v2\/tags?post=120670"}],"curies":[{"name":"wp","href":"https:\/\/api.w.org\/{rel}","templated":true}]}}