{"id":120671,"date":"2021-07-07T06:34:28","date_gmt":"2021-07-07T10:34:28","guid":{"rendered":"https:\/\/linitiative.ca\/International\/khenchela-arrestation-de-trois-individus-suspectes-detre-impliques-dans-les-incendies-de-forets-dain-mimoun\/"},"modified":"2021-07-07T06:34:28","modified_gmt":"2021-07-07T10:34:28","slug":"khenchela-arrestation-de-trois-individus-suspectes-detre-impliques-dans-les-incendies-de-forets-dain-mimoun","status":"publish","type":"post","link":"https:\/\/linitiative.ca\/International\/khenchela-arrestation-de-trois-individus-suspectes-detre-impliques-dans-les-incendies-de-forets-dain-mimoun\/","title":{"rendered":"Khenchela : Arrestation de trois individus suspect\u00e9s d\u2019\u00eatre impliqu\u00e9s dans les incendies de for\u00eats d\u2019A\u00efn Mimoun"},"content":{"rendered":"<div>\n<div class=\"sriret\"><img loading=\"lazy\" decoding=\"async\" width=\"997\" height=\"651\" src=\"https:\/\/linitiative.ca\/International\/wp-content\/uploads\/sites\/23\/2021\/07\/Sans-titre-1-38-e1568882755970.gif\" class=\"attachment-featured_large size-featured_large wp-post-image\" alt=\"\" style=\"margin-bottom: 15px;\"><\/div>\n<div class=\"rj1gh0hx buofh1pr j83agx80 l9j0dhe7 cbu4d94t ni8dbmo4 stjgntxs\">\n<div class=\"rj1gh0hx buofh1pr l9j0dhe7 j83agx80 cbu4d94t agkhgkm8\">\n<div class=\"rj1gh0hx buofh1pr ni8dbmo4 stjgntxs j83agx80 cbu4d94t\">\n<div class=\"buofh1pr j83agx80 eg9m0zos ni8dbmo4 cbu4d94t gok29vw1\" tabindex=\"-1\">\n<div class=\"\">\n<div role=\"grid\" aria-label=\"Messages\">\n<div class=\"j83agx80 jwdofwj8 pby63qed\" data-testid=\"incoming_group\">\n<div class=\"rj1gh0hx buofh1pr hpfvmrgz\">\n<div role=\"row\">\n<div class=\"\">\n<div class=\"j83agx80 cbu4d94t\">\n<div class=\"j83agx80\">\n<div class=\"jn8vp64t l9j0dhe7 hpfvmrgz\">\n<div class=\"lzcic4wl\" tabindex=\"0\" role=\"gridcell\" data-scope=\"messages_table\" data-recover=\"true\">\n<div class=\"ni8dbmo4 stjgntxs g5ia77u1 ii04i59q j83agx80 cbu4d94t ll8tlv6m\" aria-owns=\"jsc_c_9a3\" data-testid=\"messenger_incoming_text_row\">\n<div class=\"l60d2q6s d1544ag0 sj5x9vvc tw6a2znq l9j0dhe7 ni8dbmo4 stjgntxs qlfml3jp inkptoze e72ty7fz qmr60zad jm1wdb64 qv66sw1b ljqsnud1 g6srhlxm odn2s2vf\">\n<p class=\"oo9gr5id\" dir=\"auto\"><strong><em>Les \u00e9l\u00e9ments de la brigade territoriale de la Gendarmerie nationale de Khenchela ont arr\u00eat\u00e9 trois (3) individus suspect\u00e9s d\u2019\u00eatre impliqu\u00e9s dans le d\u00e9clenchement des incendies de for\u00eats d\u2019A\u00efn Mimoun dans la commune de Tamza, a-t-on appris mardi 6 juillet aupr\u00e8s du Groupement territorial de ce corps de s\u00e9curit\u00e9.<\/em> <\/strong><\/p>\n<p class=\"oo9gr5id\" dir=\"auto\">Les \u00e9l\u00e9ments de la Gendarmerie nationale ont arr\u00eat\u00e9 des suspects, \u00e2g\u00e9s entre 18 et 55 ans, \u00e0 proximit\u00e9 des for\u00eats de Bir Ousfane et A\u00efn Mimoun \u00e0 Tamza, soup\u00e7onn\u00e9s d\u2019\u00eatre \u00e0 l\u2019origine du d\u00e9clenchement du feu dans les for\u00eats d\u2019A\u00efn Mimoun, a fait savoir la m\u00eame source.<\/p>\n<p class=\"oo9gr5id\" dir=\"auto\">Selon la m\u00eame source, l\u2019enqu\u00eate men\u00e9e par les services concern\u00e9s se poursuit avec les suspects au sujet des accusations port\u00e9es \u00e0 leur encontre.<\/p>\n<p class=\"oo9gr5id\" dir=\"auto\">La m\u00eame source a \u00e9galement soulign\u00e9 que les \u00e9l\u00e9ments de la Gendarmerie nationale sont toujours sur les lieux des incendies qui a ravag\u00e9 de vastes surfaces du couvert forestier afin de poursuivre les investigations et les recherches, en vue de d\u00e9terminer leurs causes exactes et arr\u00eater les suspects impliqu\u00e9s dans cet acte criminel.<\/p>\n<p class=\"oo9gr5id\" dir=\"auto\" style=\"text-align: right;\"><em><strong>APS<\/strong><\/em><\/p>\n<\/div>\n<\/div>\n<\/div>\n<\/div>\n<\/div>\n<\/div>\n<\/div>\n<\/div>\n<\/div>\n<\/div>\n<\/div>\n<\/div>\n<\/div>\n<\/div>\n<\/div>\n<\/div>\n<p>L\u2019article <a rel=\"nofollow\" href=\"https:\/\/www.elwatan.com\/edition\/actualite\/khenchela-arrestation-de-trois-individus-suspectes-detre-impliques-dans-les-incendies-de-forets-dain-mimoun-07-07-2021\">Khenchela : Arrestation de trois individus suspect\u00e9s d\u2019\u00eatre impliqu\u00e9s dans les incendies de for\u00eats d\u2019A\u00efn Mimoun<\/a> est apparu en premier sur <a rel=\"nofollow\" href=\"https:\/\/www.elwatan.com\/\">El Watan<\/a>.<\/p>\n<\/div>\n<p>Auteur: Mohand Yahiaoui<br \/>\n<a href=\"https:\/\/www.elwatan.com\/edition\/actualite\/khenchela-arrestation-de-trois-individus-suspectes-detre-impliques-dans-les-incendies-de-forets-dain-mimoun-07-07-2021\">Cliquez ici pour lire l&rsquo;article depuis sa source.<\/a><\/p>\n","protected":false},"excerpt":{"rendered":"<p>Les \u00e9l\u00e9ments de la brigade territoriale de la Gendarmerie nationale de Khenchela ont arr\u00eat\u00e9 trois (3) individus suspect\u00e9s d\u2019\u00eatre impliqu\u00e9s dans le d\u00e9clenchement des incendies de for\u00eats d\u2019A\u00efn Mimoun dans la commune de Tamza, a-t-on appris mardi 6 juillet aupr\u00e8s du Groupement territorial de ce corps de s\u00e9curit\u00e9. Les \u00e9l\u00e9ments de la Gendarmerie nationale ont [&hellip;]<\/p>\n","protected":false},"author":1743,"featured_media":0,"comment_status":"closed","ping_status":"closed","sticky":false,"template":"","format":"standard","meta":{"fifu_image_url":"https:\/\/www.elwatan.com\/wp-content\/uploads\/2019\/09\/Sans-titre-1-38-e1568882755970.gif","fifu_image_alt":"Khenchela : Arrestation de trois individus suspect\u00e9s d\u2019\u00eatre impliqu\u00e9s dans les incendies de for\u00eats d\u2019A\u00efn Mimoun","footnotes":""},"categories":[73,53],"tags":[],"class_list":["post-120671","post","type-post","status-publish","format-standard","hentry","category-actualite","category-algerie"],"_links":{"self":[{"href":"https:\/\/linitiative.ca\/International\/wp-json\/wp\/v2\/posts\/120671","targetHints":{"allow":["GET"]}}],"collection":[{"href":"https:\/\/linitiative.ca\/International\/wp-json\/wp\/v2\/posts"}],"about":[{"href":"https:\/\/linitiative.ca\/International\/wp-json\/wp\/v2\/types\/post"}],"author":[{"embeddable":true,"href":"https:\/\/linitiative.ca\/International\/wp-json\/wp\/v2\/users\/1743"}],"replies":[{"embeddable":true,"href":"https:\/\/linitiative.ca\/International\/wp-json\/wp\/v2\/comments?post=120671"}],"version-history":[{"count":0,"href":"https:\/\/linitiative.ca\/International\/wp-json\/wp\/v2\/posts\/120671\/revisions"}],"wp:attachment":[{"href":"https:\/\/linitiative.ca\/International\/wp-json\/wp\/v2\/media?parent=120671"}],"wp:term":[{"taxonomy":"category","embeddable":true,"href":"https:\/\/linitiative.ca\/International\/wp-json\/wp\/v2\/categories?post=120671"},{"taxonomy":"post_tag","embeddable":true,"href":"https:\/\/linitiative.ca\/International\/wp-json\/wp\/v2\/tags?post=120671"}],"curies":[{"name":"wp","href":"https:\/\/api.w.org\/{rel}","templated":true}]}}