{"id":120672,"date":"2021-07-06T14:00:00","date_gmt":"2021-07-06T18:00:00","guid":{"rendered":"https:\/\/linitiative.ca\/International\/face-a-leurope-mollusque-les-usa-persistent-et-signent\/"},"modified":"2021-07-06T14:00:00","modified_gmt":"2021-07-06T18:00:00","slug":"face-a-leurope-mollusque-les-usa-persistent-et-signent","status":"publish","type":"post","link":"https:\/\/linitiative.ca\/International\/face-a-leurope-mollusque-les-usa-persistent-et-signent\/","title":{"rendered":"Face \u00e0 l\u2019Europe mollusque, les USA persistent et signent"},"content":{"rendered":"<div>\n<p class=\"has-text-align-center has-vivid-red-color has-text-color\"><strong>Sahara marocain<\/strong><\/p>\n<p class=\"has-text-align-right has-black-color has-text-color\"><strong>Par Adil Zaari Jabiri \u2013 MAP<\/strong><\/p>\n<p class=\"has-black-color has-text-color\"><strong>Les mollusques sont de vieux invert\u00e9br\u00e9s de la plan\u00e8te \u00e0 substance flasque, qui \u00e9vitent le mouvement et s\u2019accrochent solidement \u00e0 leur coquille. C\u2019est l\u2019image que donne l\u2019Europe aujourd\u2019hui en s\u2019agrippant \u00e0 ses vieilles positions, notamment en politique internationale, \u00e0 rebours du dynamisme que vit le monde.<\/strong><\/p>\n<p class=\"has-black-color has-text-color\">Dans la question du Sahara, un conflit r\u00e9gional artificiel h\u00e9rit\u00e9 de la guerre froide, nombreux pays se sont rendus \u00e0 l\u2019\u00e9vidence que l\u2019immobilisme ne sert \u00e0 rien et ont opt\u00e9 pour le r\u00e9alisme. Parmi eux, les \u00c9tats Unis d\u2019Am\u00e9rique qui ont reconnu la souverainet\u00e9 marocaine sur son Sahara et consign\u00e9 cet acte historique majeur dans un document officiel du Conseil de s\u00e9curit\u00e9 de l\u2019ONU.<\/p>\n<p class=\"has-black-color has-text-color\">Beaucoup de pays hostiles \u00e0 cette d\u00e9marche pragmatique ont crois\u00e9 les doigts pour que la nouvelle administration am\u00e9ricaine sous la pr\u00e9sidence de Joe Biden change d\u2019avis. L\u2019Alg\u00e9rie voisine a m\u00eame d\u00e9ploy\u00e9 un lobbying massif pour torpiller l\u2019\u00e9lan am\u00e9ricain mais ses espoirs ont \u00e9t\u00e9 vite douch\u00e9s. Quant \u00e0 l\u2019Allemagne et \u00e0 l\u2019Espagne, qui se sont rendus coupables d\u2019une abjecte conspiration contre le Maroc, scrutent aujourd\u2019hui le ciel pour voir quelle r\u00e9action va encore suivre apr\u00e8s le gel des relations bilat\u00e9rales.<\/p>\n<p class=\"has-black-color has-text-color\">En confirmant qu\u2019il n\u2019y a \u00ab\u00a0aucun changement\u00a0\u00bb dans la position am\u00e9ricaine concernant la reconnaissance de la souverainet\u00e9 du Maroc sur le Sahara, l\u2019administration du pr\u00e9sident Biden, vient mettre un terme \u00e0 toutes les sp\u00e9culations et partant les fantasmes de tous ces fossoyeurs qui esp\u00e9raient le contraire.<br \/>Cela demeure la position de l\u2019administration Biden, a tranch\u00e9 jeudi dernier le porte-parole de la diplomatie am\u00e9ricaine, Ned Price.<\/p>\n<p class=\"has-black-color has-text-color\">Pour l\u2019universitaire Jean Marie Heydt, sp\u00e9cialiste des Affaires europ\u00e9ennes, \u00ab\u00a0la d\u00e9cision am\u00e9ricaine, r\u00e9it\u00e9r\u00e9e avec clart\u00e9 par le porte-parole du D\u00e9partement d\u2019\u00c9tat, r\u00e9affirme la position officielle des USA sur la reconnaissance de la souverainet\u00e9 du Maroc sur son Sahara\u00a0\u00bb, notant que \u00able discernement am\u00e9ricain est plus \u00e9labor\u00e9 que le jugement de certains opposants qui affirmaient que les d\u00e9cisions du nouveau Pr\u00e9sident n\u2019\u00e9taient fond\u00e9es que sur une opposition \u00e0 son pr\u00e9d\u00e9cesseur\u00bb.<\/p>\n<p class=\"has-black-color has-text-color\">\u00abC\u2019est donc une d\u00e9cision sans appel ! N\u2019est-ce pas le signe le plus fort qui, au-del\u00e0 de toutes pol\u00e9mique ou tentatives de lobbying en tous genres, affirme que l\u2019analyse politique doit prendre prioritairement en consid\u00e9ration l\u2019urgente n\u00e9cessit\u00e9 de sortir de l\u2019immobilisme, \u00e0 la fois pour le bien-\u00eatre des populations et leur destin, et ceci avant toutes autres consid\u00e9rations politiciennes ou \u00e9conomiques ?\u00bb, s\u2019est interrog\u00e9 l\u2019universitaire franco-suisse.<\/p>\n<p class=\"has-black-color has-text-color\">Il a soulign\u00e9 que \u00abcette zone g\u00e9ographique m\u00e9rite de pouvoir \u00e9voluer et prosp\u00e9rer; c\u2019est pourquoi cet objectif et cette garantie ; seul le Maroc, gr\u00e2ce \u00e0 la volont\u00e9 de SM le Roi Mohammed VI, peut l\u2019offrir \u00e0 ce jour\u00bb.<\/p>\n<p class=\"has-black-color has-text-color\">Pour le professeur Heydt, \u00abd\u00e9sormais, l\u2019Europe ne pourra plus rester silencieuse\u00bb, notant que \u00abquels que soient les int\u00e9r\u00eats particuliers de certains de ses membres, l\u2019Union des vingt sept devra faire \u00e9voluer, bien plus clairement, son approche communautaire apr\u00e8s cette vision am\u00e9ricaine r\u00e9affirm\u00e9e pour le devenir de cette r\u00e9gion marocaine\u00bb.<\/p>\n<p class=\"has-black-color has-text-color\">Par le devoir de l\u2019histoire, la communaut\u00e9 des int\u00e9r\u00eats, mais aussi la r\u00e9alit\u00e9 g\u00e9ographique, l\u2019Europe est appel\u00e9e \u00e0 jouer un r\u00f4le plus dynamique en soutenant courageusement l\u2019autonomie propos\u00e9e par le Maroc comme seule solution au conflit artificiel autour du Sahara, dont elle conna\u00eet parfaitement les contours historiques et g\u00e9opolitiques.<\/p>\n<p class=\"has-black-color has-text-color\">Certains pays europ\u00e9ens comme la France et plus timidement d\u2019autres \u00c9tats du flanc Est arrivent \u00e0 se d\u00e9partir de leur position confortable de spectateur passif en soutenant publiquement l\u2019autonomie du Sahara sous souverainet\u00e9 marocaine, mais l\u2019Union europ\u00e9enne peine \u00e0 le faire sous le poids de ses calculs \u00e0 courte vue, maquill\u00e9s par des torrents de discours creux sur des valeurs que personne ne respecte, un multilat\u00e9ralisme \u00e9rod\u00e9 et l\u2019individualisme ravageur.<\/p>\n<p>L\u2019article <a rel=\"nofollow\" href=\"http:\/\/albayane.press.ma\/face-a-leurope-mollusque-les-usa-persistent-et-signent.html\">Face \u00e0 l\u2019Europe mollusque, les USA persistent et signent<\/a> est apparu en premier sur <a rel=\"nofollow\" href=\"http:\/\/albayane.press.ma\/\">ALBAYANE<\/a>.<\/p>\n<\/div>\n<p>Auteur: M&rsquo;hammed rahal<br \/>\n<a href=\"http:\/\/albayane.press.ma\/face-a-leurope-mollusque-les-usa-persistent-et-signent.html\">Cliquez ici pour lire l&rsquo;article depuis sa source.<\/a><\/p>\n","protected":false},"excerpt":{"rendered":"<p>Sahara marocain Par Adil Zaari Jabiri \u2013 MAP Les mollusques sont de vieux invert\u00e9br\u00e9s de la plan\u00e8te \u00e0 substance flasque, qui \u00e9vitent le mouvement et s\u2019accrochent solidement \u00e0 leur coquille. C\u2019est l\u2019image que donne l\u2019Europe aujourd\u2019hui en s\u2019agrippant \u00e0 ses vieilles positions, notamment en politique internationale, \u00e0 rebours du dynamisme que vit le monde. Dans [&hellip;]<\/p>\n","protected":false},"author":1760,"featured_media":0,"comment_status":"closed","ping_status":"closed","sticky":false,"template":"","format":"standard","meta":{"fifu_image_url":"","fifu_image_alt":"","footnotes":""},"categories":[73,54],"tags":[],"class_list":["post-120672","post","type-post","status-publish","format-standard","hentry","category-actualite","category-maroc"],"_links":{"self":[{"href":"https:\/\/linitiative.ca\/International\/wp-json\/wp\/v2\/posts\/120672","targetHints":{"allow":["GET"]}}],"collection":[{"href":"https:\/\/linitiative.ca\/International\/wp-json\/wp\/v2\/posts"}],"about":[{"href":"https:\/\/linitiative.ca\/International\/wp-json\/wp\/v2\/types\/post"}],"author":[{"embeddable":true,"href":"https:\/\/linitiative.ca\/International\/wp-json\/wp\/v2\/users\/1760"}],"replies":[{"embeddable":true,"href":"https:\/\/linitiative.ca\/International\/wp-json\/wp\/v2\/comments?post=120672"}],"version-history":[{"count":0,"href":"https:\/\/linitiative.ca\/International\/wp-json\/wp\/v2\/posts\/120672\/revisions"}],"wp:attachment":[{"href":"https:\/\/linitiative.ca\/International\/wp-json\/wp\/v2\/media?parent=120672"}],"wp:term":[{"taxonomy":"category","embeddable":true,"href":"https:\/\/linitiative.ca\/International\/wp-json\/wp\/v2\/categories?post=120672"},{"taxonomy":"post_tag","embeddable":true,"href":"https:\/\/linitiative.ca\/International\/wp-json\/wp\/v2\/tags?post=120672"}],"curies":[{"name":"wp","href":"https:\/\/api.w.org\/{rel}","templated":true}]}}