{"id":120676,"date":"2021-07-07T08:30:57","date_gmt":"2021-07-07T12:30:57","guid":{"rendered":"https:\/\/linitiative.ca\/International\/securite-alimentaire-des-personnes-vivant-avec-le-vih-le-ministere-de-la-sante-prepare-une-enquete\/"},"modified":"2021-07-07T08:30:57","modified_gmt":"2021-07-07T12:30:57","slug":"securite-alimentaire-des-personnes-vivant-avec-le-vih-le-ministere-de-la-sante-prepare-une-enquete","status":"publish","type":"post","link":"https:\/\/linitiative.ca\/International\/securite-alimentaire-des-personnes-vivant-avec-le-vih-le-ministere-de-la-sante-prepare-une-enquete\/","title":{"rendered":"S\u00e9curit\u00e9 alimentaire des personnes vivant avec le VIH : Le minist\u00e8re de la sant\u00e9 pr\u00e9pare une enqu\u00eate"},"content":{"rendered":"<div>\n<p><img decoding=\"async\" width=\"300\" height=\"153\" src=\"https:\/\/linitiative.ca\/International\/wp-content\/uploads\/sites\/23\/2021\/07\/deCC81pistages-VIH-300x153-1.jpg\" class=\"attachment-medium size-medium wp-post-image\" alt=\"\" loading=\"lazy\" srcset=\"\/\/aujourdhui.ma\/wp-content\/uploads\/2021\/02\/de\u0301pistages-VIH-300x153.jpg 300w, \/\/aujourdhui.ma\/wp-content\/uploads\/2021\/02\/de\u0301pistages-VIH-274x140.jpg 274w, \/\/aujourdhui.ma\/wp-content\/uploads\/2021\/02\/de\u0301pistages-VIH.jpg 746w, \/\/aujourdhui.ma\/wp-content\/uploads\/2021\/02\/de\u0301pistages-VIH-165x84.jpg 165w, \/\/aujourdhui.ma\/wp-content\/uploads\/2021\/02\/de\u0301pistages-VIH-702x358.jpg 702w\" sizes=\"auto, (max-width: 300px) 100vw, 300px\"><\/p>\n<p><span style=\"color: #800000;\"><strong>Le minist\u00e8re de la sant\u00e9 va r\u00e9aliser une enqu\u00eate sur la s\u00e9curit\u00e9 alimentaire des personnes vivant avec le VIH au Maroc.<\/strong><\/span><span id=\"more-381023\"><\/span><\/p>\n<p>Celle-ci sera men\u00e9e par la Direction de l\u2019\u00e9pid\u00e9miologie et de lutte contre les maladies (DELM)) avec l\u2019appui du Fonds mondial, de l\u2019ONUSIDA et du Programme alimentaire mondial (PAM, Bureaux r\u00e9gional et Maroc\/Tunisie). Cette enqu\u00eate permettra d\u2019estimer la proportion des personnes vivant avec le VIH en situation de malnutrition ou d\u2019ins\u00e9curit\u00e9 alimentaire et fournira des informations sur la relation entre la nutrition et le VIH. A travers cette \u00e9tude, il s\u2019agira aussi d\u2019\u00e9valuer les d\u00e9terminants de l\u2019ins\u00e9curit\u00e9 alimentaire de la population affect\u00e9e par le VIH (statut socio-\u00e9conomique\u2026) et d\u2019\u00e9tablir des recommandations pour am\u00e9liorer l\u2019\u00e9ducation nutritionnelle de ces personnes et leur acc\u00e8s aux syst\u00e8mes nationaux de protection sociale. Un bon \u00e9tat nutritionnel est important lorsque l\u2019on vit avec le VIH. Mais de nombreuses personnes atteintes vivent dans la pr\u00e9carit\u00e9, voire la pauvret\u00e9, et ont du mal \u00e0 se procurer l\u2019alimentation dont elles auraient besoin. Il faut savoir que les personnes vivant avec le VIH ont des besoins \u00e9nerg\u00e9tiques plus \u00e9lev\u00e9s que les besoins normaux d\u2019un adulte en bonne sant\u00e9 (10 \u00e0 30\u00a0% plus \u00e9lev\u00e9s que les besoins normaux d\u2019un adulte en bonne sant\u00e9, et 50 \u00e0 100% plus chez les enfants vivant avec le VIH).<\/p>\n<p>Une alimentation ad\u00e9quate est essentielle pour pr\u00e9server le syst\u00e8me immunitaire, g\u00e9rer les infections, am\u00e9liorer la r\u00e9ponse au traitement, maintenir des niveaux sains d\u2019activit\u00e9 physique et la qualit\u00e9 de vie des personnes vivant avec le VIH. Selon le minist\u00e8re de la sant\u00e9, du fait de la baisse de r\u00e9plication virale, la mise sous traitement ARV peut inverser largement, mais non corriger, la perte de masse corporelle (incluant la masse musculaire) induite par l\u2019infection au VIH. Toutefois, la perte de poids reste encore un probl\u00e8me pour les patients sous ARV et est un facteur pronostique de faible r\u00e9ponse \u00e0 la th\u00e9rapie et de mortalit\u00e9, dans les pays aux ressources limit\u00e9es.<\/p>\n<\/div>\n<p>Auteur: ALM<br \/>\n<a href=\"https:\/\/aujourdhui.ma\/societe\/securite-alimentaire-des-personnes-vivant-avec-le-vih-le-ministere-de-la-sante-prepare-une-enquete\">Cliquez ici pour lire l&rsquo;article depuis sa source.<\/a><\/p>\n","protected":false},"excerpt":{"rendered":"<p>Le minist\u00e8re de la sant\u00e9 va r\u00e9aliser une enqu\u00eate sur la s\u00e9curit\u00e9 alimentaire des personnes vivant avec le VIH au Maroc. Celle-ci sera men\u00e9e par la Direction de l\u2019\u00e9pid\u00e9miologie et de lutte contre les maladies (DELM)) avec l\u2019appui du Fonds mondial, de l\u2019ONUSIDA et du Programme alimentaire mondial (PAM, Bureaux r\u00e9gional et Maroc\/Tunisie). Cette enqu\u00eate [&hellip;]<\/p>\n","protected":false},"author":1759,"featured_media":0,"comment_status":"closed","ping_status":"closed","sticky":false,"template":"","format":"standard","meta":{"fifu_image_url":"https:\/\/aujourdhui.ma\/wp-content\/uploads\/2021\/02\/de\u0301pistages-VIH-300x153.jpg","fifu_image_alt":"S\u00e9curit\u00e9 alimentaire des personnes vivant avec le VIH : Le minist\u00e8re de la sant\u00e9 pr\u00e9pare une enqu\u00eate","footnotes":""},"categories":[73,54],"tags":[],"class_list":["post-120676","post","type-post","status-publish","format-standard","hentry","category-actualite","category-maroc"],"_links":{"self":[{"href":"https:\/\/linitiative.ca\/International\/wp-json\/wp\/v2\/posts\/120676","targetHints":{"allow":["GET"]}}],"collection":[{"href":"https:\/\/linitiative.ca\/International\/wp-json\/wp\/v2\/posts"}],"about":[{"href":"https:\/\/linitiative.ca\/International\/wp-json\/wp\/v2\/types\/post"}],"author":[{"embeddable":true,"href":"https:\/\/linitiative.ca\/International\/wp-json\/wp\/v2\/users\/1759"}],"replies":[{"embeddable":true,"href":"https:\/\/linitiative.ca\/International\/wp-json\/wp\/v2\/comments?post=120676"}],"version-history":[{"count":0,"href":"https:\/\/linitiative.ca\/International\/wp-json\/wp\/v2\/posts\/120676\/revisions"}],"wp:attachment":[{"href":"https:\/\/linitiative.ca\/International\/wp-json\/wp\/v2\/media?parent=120676"}],"wp:term":[{"taxonomy":"category","embeddable":true,"href":"https:\/\/linitiative.ca\/International\/wp-json\/wp\/v2\/categories?post=120676"},{"taxonomy":"post_tag","embeddable":true,"href":"https:\/\/linitiative.ca\/International\/wp-json\/wp\/v2\/tags?post=120676"}],"curies":[{"name":"wp","href":"https:\/\/api.w.org\/{rel}","templated":true}]}}