{"id":120682,"date":"2021-07-07T06:00:00","date_gmt":"2021-07-07T10:00:00","guid":{"rendered":"https:\/\/linitiative.ca\/International\/la-renaissance-de-la-4l-confirmee\/"},"modified":"2021-07-07T06:00:00","modified_gmt":"2021-07-07T10:00:00","slug":"la-renaissance-de-la-4l-confirmee","status":"publish","type":"post","link":"https:\/\/linitiative.ca\/International\/la-renaissance-de-la-4l-confirmee\/","title":{"rendered":"La renaissance de la 4L confirm\u00e9e"},"content":{"rendered":"<div>Quelques mois seulement apr\u00e8s sa Renaulution d\u00e9voil\u00e9e en d\u00e9but d&rsquo;ann\u00e9e, Luca de Meo, patron de Renault, avait donn\u00e9 rendez-vous, \u00e0 la fin du mois de juin \u00e9coul\u00e9, aux journalistes et aux investisseurs<\/div>\n<p>Auteur:<br \/>\n<a href=\"https:\/\/www.lesoirdalgerie.com\/le-soir-auto\/la-renaissance-de-la-4l-confirmee-64001\">Cliquez ici pour lire l&rsquo;article depuis sa source.<\/a><\/p>\n","protected":false},"excerpt":{"rendered":"<p>Quelques mois seulement apr\u00e8s sa Renaulution d\u00e9voil\u00e9e en d\u00e9but d&rsquo;ann\u00e9e, Luca de Meo, patron de Renault, avait donn\u00e9 rendez-vous, \u00e0 la fin du mois de juin \u00e9coul\u00e9, aux journalistes et aux investisseurs Auteur: Cliquez ici pour lire l&rsquo;article depuis sa source.<\/p>\n","protected":false},"author":1741,"featured_media":0,"comment_status":"closed","ping_status":"closed","sticky":false,"template":"","format":"standard","meta":{"fifu_image_url":"","fifu_image_alt":"","footnotes":""},"categories":[73,53],"tags":[],"class_list":["post-120682","post","type-post","status-publish","format-standard","hentry","category-actualite","category-algerie"],"_links":{"self":[{"href":"https:\/\/linitiative.ca\/International\/wp-json\/wp\/v2\/posts\/120682","targetHints":{"allow":["GET"]}}],"collection":[{"href":"https:\/\/linitiative.ca\/International\/wp-json\/wp\/v2\/posts"}],"about":[{"href":"https:\/\/linitiative.ca\/International\/wp-json\/wp\/v2\/types\/post"}],"author":[{"embeddable":true,"href":"https:\/\/linitiative.ca\/International\/wp-json\/wp\/v2\/users\/1741"}],"replies":[{"embeddable":true,"href":"https:\/\/linitiative.ca\/International\/wp-json\/wp\/v2\/comments?post=120682"}],"version-history":[{"count":0,"href":"https:\/\/linitiative.ca\/International\/wp-json\/wp\/v2\/posts\/120682\/revisions"}],"wp:attachment":[{"href":"https:\/\/linitiative.ca\/International\/wp-json\/wp\/v2\/media?parent=120682"}],"wp:term":[{"taxonomy":"category","embeddable":true,"href":"https:\/\/linitiative.ca\/International\/wp-json\/wp\/v2\/categories?post=120682"},{"taxonomy":"post_tag","embeddable":true,"href":"https:\/\/linitiative.ca\/International\/wp-json\/wp\/v2\/tags?post=120682"}],"curies":[{"name":"wp","href":"https:\/\/api.w.org\/{rel}","templated":true}]}}