{"id":120683,"date":"2021-07-07T06:37:58","date_gmt":"2021-07-07T10:37:58","guid":{"rendered":"https:\/\/linitiative.ca\/International\/rencontre-virtuelle-avec-lecrivain-neerlandais-abdelkader-benali-un-regards-sur-lepopee-de-jan-janszoon-alias-mourad-rais\/"},"modified":"2021-07-07T06:37:58","modified_gmt":"2021-07-07T10:37:58","slug":"rencontre-virtuelle-avec-lecrivain-neerlandais-abdelkader-benali-un-regards-sur-lepopee-de-jan-janszoon-alias-mourad-rais","status":"publish","type":"post","link":"https:\/\/linitiative.ca\/International\/rencontre-virtuelle-avec-lecrivain-neerlandais-abdelkader-benali-un-regards-sur-lepopee-de-jan-janszoon-alias-mourad-rais\/","title":{"rendered":"Rencontre virtuelle avec l\u2019\u00e9crivain n\u00e9erlandais Abdelkader Benali : Un regards sur l\u2019\u00e9pop\u00e9e de Jan Janszoon alias Mourad Ra\u00efs"},"content":{"rendered":"<div>\n<div class=\"sriret\"><img loading=\"lazy\" decoding=\"async\" width=\"1280\" height=\"720\" src=\"https:\/\/linitiative.ca\/International\/wp-content\/uploads\/sites\/23\/2021\/07\/Mourad-rais.jpeg\" class=\"attachment-featured_large size-featured_large wp-post-image\" alt=\"\" style=\"margin-bottom: 15px;\" srcset=\"https:\/\/linitiative.ca\/International\/wp-content\/uploads\/sites\/23\/2021\/07\/Mourad-rais.jpeg 1280w, https:\/\/www.elwatan.com\/wp-content\/uploads\/2021\/07\/Mourad-rais-300x169.jpeg 300w, https:\/\/www.elwatan.com\/wp-content\/uploads\/2021\/07\/Mourad-rais-768x432.jpeg 768w, https:\/\/www.elwatan.com\/wp-content\/uploads\/2021\/07\/Mourad-rais-1024x576.jpeg 1024w\" sizes=\"auto, (max-width: 1280px) 100vw, 1280px\"><\/div>\n<p><strong><em>L\u2019Ambassade des Pays-Bas organise le 8 juillet 2021 \u00e0 partir de 19h une rencontre virtuelle exclusive avec l\u2019\u00e9crivain n\u00e9erlandais tr\u00e8s connu Abdelkader Benali qui a \u00e9crit le r\u00e9cit \u00abvoyageurs d\u2019une autre \u00e8re\u00bb sorti en 2020 qui raconte l\u2019histoire incroyable de Mourad Rais n\u00e9 Jan Janszoon.<\/em> <\/strong><\/p>\n<p>Un corsaire converti \u00e0 l\u2019Islam qui est all\u00e9 jusqu\u2019\u00e0 changer de nom pour se faire une place \u00e0 Alger. Ce r\u00e9cit dresse l\u2019\u00e9pop\u00e9e de Mourad Rais et se m\u00eale \u00e0 la vie personnelle de l\u2019auteur. Mourad Rais est un personnage fantasmagorique dans l\u2019imaginaire collectif tant n\u00e9erlandais qu\u2019alg\u00e9rien.<\/p>\n<p>Benali va nous aider \u00e0 d\u00e9m\u00ealer le vrai du mythe. Le d\u00e9bat sera anim\u00e9 par Salim Brahimi et sera enti\u00e8rement live en ligne \u00e0 travers la plateforme Zoom d\u2019o\u00f9 les participants pourront poser leurs questions et interagir avec l\u2019auteur.<\/p>\n<p>Dans son livre, Abdelkader Benali entrelace habilement l\u2019histoire de sa propre vie avec celle du pirate et aventurier n\u00e9erlandais Jan Janszoon. Il s\u2019av\u00e8re qu\u2019ils partagent plus de choses que Benali ne le pensait. Abddelkader Benali appelle parfois sa fille \u00ab\u00a0pirate\u00a0\u00bb en plaisantant. Il peut maintenant lui dire que ses anc\u00eatres \u00e9taient de vrais pirates. Quel enfant n\u2019en voudrait pas ?<\/p>\n<p>Sur son bureau, il y a une photo de son arri\u00e8re-grand-p\u00e8re : \u00ab\u00a0S\u2019il n\u2019a jamais pris place pour monter \u00e0 bord d\u2019un navire arm\u00e9 dans l\u2019obscurit\u00e9 de la nuit et \u00e0 travers le brouillard, alors son p\u00e8re l\u2019a fait\u00a0\u00bb. La fascination de Benali pour la piraterie au Maghreb, et le r\u00f4le des N\u00e9erlandais dans ce domaine, a commenc\u00e9 lorsqu\u2019il \u00e9tudiait l\u2019histoire.<\/p>\n<p>Son professeur Herman Obdeijn lui a racont\u00e9 l\u2019histoire, pendant des si\u00e8cles de piraterie, des Hollandais qui se sont assimil\u00e9s en Alg\u00e9rie ! Ils \u00e9taient l\u00e0, \u00e0 la surprise de Benali <em>\u00ab Je ne savais pas alors que ces corsaires flottaient aussi dans mon arbre g\u00e9n\u00e9alogique \u00bb. <\/em><\/p>\n<p>Il s\u2019en rend compte lorsqu\u2019il est en vacances dans son village natal d\u2019Ighazzazen. La plage o\u00f9 il nageait quand il \u00e9tait enfant a \u00e9t\u00e9 pendant des si\u00e8cles le point de d\u00e9part des bateaux pirates. Les habitants du Rif compl\u00e9taient leurs maigres revenus de l\u2019agriculture et de la p\u00eache par la piraterie \u2013 ses anc\u00eatres aussi.<\/p>\n<p>En regardant de l\u2019autre c\u00f4t\u00e9 de la mer vers la c\u00f4te espagnole, il se rend compte que sa r\u00e9gion natale \u2013 avec l\u2019enclave espagnole voisine de Melilla- a une histoire turbulente faite de guerres, de migrations et d\u2019assimilation.<\/p>\n<p>Au XVIe si\u00e8cle, apr\u00e8s la chute de la ville mauresque de Grenade, les musulmans ont \u00e9t\u00e9 chass\u00e9s d\u2019Espagne et ont cherch\u00e9 asile dans cette r\u00e9gion. D\u00e9j\u00e0 \u00e0 l\u2019\u00e9poque, les marins gagnaient de l\u2019argent gr\u00e2ce \u00e0 la travers\u00e9e.<\/p>\n<p>\u00abVoyageurs d\u2019une autre \u00e8re\u00bb \u00abVoyageurs d\u2019une autre \u00e8re\u00bb est plus un r\u00e9cit qu\u2019un essai, mais cela ne d\u00e9rangera pas, bien au contraire. Il est rempli \u00e0 ras bord d\u2019informations, racont\u00e9es de mani\u00e8re divertissante et avec humour. Benali tisse habilement deux histoires de vie : la sienne et celle de Jan Janszoon.<\/p>\n<p>Il est lui-m\u00eame arriv\u00e9 aux Pays-Bas \u00e0 l\u2019\u00e2ge de 4 ans ; sa famille avait auparavant suivi une migration sans fin \u00e0 travers l\u2019Afrique du Nord. Jan Janszoon \u00e9tait un aventurier, qui a quitt\u00e9 sa femme et ses enfants pour devenir un pirate. Il n\u2019a eu aucun probl\u00e8me \u00e0 monter \u00e0 bord des navires n\u00e9erlandais.<\/p>\n<p>Son assimilation va si loin qu\u2019il se fait circoncire et prend un nom musulman : Mourad Ra\u00efs. anszoon est le personnage principal de cette histoire, un corsaire qui \u00e9tait autoris\u00e9 \u00e0 attaquer des navires \u00e9trangers en \u00e9change d\u2019une commission. Un aventurier qui n\u2019a pas h\u00e9sit\u00e9 \u00e0 aller piller d\u2019abord \u00e0 Alger puis au Maroc sous le drapeau musulman et m\u00eame \u00e0 monter \u00e0 bord de navires hollandais. Gr\u00e2ce \u00e0 sa connaissance de la navigation, il poss\u00e9dait des informations pr\u00e9cieuses et a r\u00e9ussi \u00e0 se hisser au rang d\u2019amiral de la ville pirate de Sal\u00e9.<\/p>\n<p>Une personne \u00e0 admirer pour son intr\u00e9pidit\u00e9 et sa volont\u00e9 de s\u2019int\u00e9grer pleinement. Mourad Ra\u00efs \u00e9tait son nom. Benali est n\u00e9 au Maroc et est arriv\u00e9 \u00e0 Rotterdam \u00e0 l\u2019\u00e2ge de quatre ans. Plus tard, il s\u2019est install\u00e9 \u00e0 Amsterdam.<\/p>\n<p>Outre des romans et des pi\u00e8ces de th\u00e9\u00e2tre, Benali \u00e9crit des articles et des critiques pour Algemeen Dagblad, De Groene Amsterdammer, Esquire, De Volkskrant, Passionate Magazine et Vrij Nederland, entre autres. Il est chroniqueur bihebdomadaire pour Trouw.<\/p>\n<p>Pour son premier roman, Bruiloft aan zee (Noces au bord de la mer), il a \u00e9t\u00e9 nomin\u00e9 pour le prix litt\u00e9raire Libris en 1997, qu\u2019il a re\u00e7u en 2003 pour son deuxi\u00e8me roman, De langverwachte (La longue attente). En 2016, Benali est apparu avec sa femme et sa fille dans la s\u00e9rie t\u00e9l\u00e9vis\u00e9e \u00ab Chez Benali \u00bb.<\/p>\n<p>La s\u00e9rie a \u00e9t\u00e9 pr\u00e9sent\u00e9e comme \u00ab\u00a0un voyage de d\u00e9couverte culinaire et historique\u00a0\u00bb \u00e0 travers le pays natal de Benali. Benali a occup\u00e9 le poste de \u00ab\u00a0professeur culturel\u00a0\u00bb \u00e0 l\u2019universit\u00e9 de technologie de Delft pendant plus de deux mois \u00e0 l\u2019automne 2017.<\/p>\n<p>Avec cette conf\u00e9rence, l\u2019universit\u00e9 souhaitait cr\u00e9er un pont entre la technologie et l\u2019art. En 2018, Benali a pr\u00e9sid\u00e9 le jury du prix litt\u00e9raire Libris 2018. Benali a \u00e9crit l\u2019essai pour le Mois de l\u2019histoire 2020 (octobre), avec le th\u00e8me \u00ab\u00a0Est\/Ouest\u00a0\u00bb, Voyageurs d\u2019un nouvel \u00e2ge \u2013 Jan Janszoon alias Mourad Rais.<\/p>\n<p style=\"text-align: right;\"><strong><em>R. C.<\/em><\/strong><\/p>\n<p>L\u2019article <a rel=\"nofollow\" href=\"https:\/\/www.elwatan.com\/edition\/culture\/rencontre-virtuelle-avec-lecrivain-neerlandais-abdelkader-benali-un-regards-sur-lepopee-de-jan-janszoon-alias-mourad-rais-07-07-2021\">Rencontre virtuelle avec l\u2019\u00e9crivain n\u00e9erlandais Abdelkader Benali : Un regards sur l\u2019\u00e9pop\u00e9e de Jan Janszoon alias Mourad Ra\u00efs<\/a> est apparu en premier sur <a rel=\"nofollow\" href=\"https:\/\/www.elwatan.com\/\">El Watan<\/a>.<\/p>\n<\/div>\n<p>Auteur: Mohand Yahiaoui<br \/>\n<a href=\"https:\/\/www.elwatan.com\/edition\/culture\/rencontre-virtuelle-avec-lecrivain-neerlandais-abdelkader-benali-un-regards-sur-lepopee-de-jan-janszoon-alias-mourad-rais-07-07-2021\">Cliquez ici pour lire l&rsquo;article depuis sa source.<\/a><\/p>\n","protected":false},"excerpt":{"rendered":"<p>L\u2019Ambassade des Pays-Bas organise le 8 juillet 2021 \u00e0 partir de 19h une rencontre virtuelle exclusive avec l\u2019\u00e9crivain n\u00e9erlandais tr\u00e8s connu Abdelkader Benali qui a \u00e9crit le r\u00e9cit \u00abvoyageurs d\u2019une autre \u00e8re\u00bb sorti en 2020 qui raconte l\u2019histoire incroyable de Mourad Rais n\u00e9 Jan Janszoon. Un corsaire converti \u00e0 l\u2019Islam qui est all\u00e9 jusqu\u2019\u00e0 changer [&hellip;]<\/p>\n","protected":false},"author":1743,"featured_media":0,"comment_status":"closed","ping_status":"closed","sticky":false,"template":"","format":"standard","meta":{"fifu_image_url":"https:\/\/www.elwatan.com\/wp-content\/uploads\/2021\/07\/Mourad-rais.jpeg","fifu_image_alt":"Rencontre virtuelle avec l\u2019\u00e9crivain n\u00e9erlandais Abdelkader Benali : Un regards sur l\u2019\u00e9pop\u00e9e de Jan Janszoon alias Mourad Ra\u00efs","footnotes":""},"categories":[73,53],"tags":[],"class_list":["post-120683","post","type-post","status-publish","format-standard","hentry","category-actualite","category-algerie"],"_links":{"self":[{"href":"https:\/\/linitiative.ca\/International\/wp-json\/wp\/v2\/posts\/120683","targetHints":{"allow":["GET"]}}],"collection":[{"href":"https:\/\/linitiative.ca\/International\/wp-json\/wp\/v2\/posts"}],"about":[{"href":"https:\/\/linitiative.ca\/International\/wp-json\/wp\/v2\/types\/post"}],"author":[{"embeddable":true,"href":"https:\/\/linitiative.ca\/International\/wp-json\/wp\/v2\/users\/1743"}],"replies":[{"embeddable":true,"href":"https:\/\/linitiative.ca\/International\/wp-json\/wp\/v2\/comments?post=120683"}],"version-history":[{"count":0,"href":"https:\/\/linitiative.ca\/International\/wp-json\/wp\/v2\/posts\/120683\/revisions"}],"wp:attachment":[{"href":"https:\/\/linitiative.ca\/International\/wp-json\/wp\/v2\/media?parent=120683"}],"wp:term":[{"taxonomy":"category","embeddable":true,"href":"https:\/\/linitiative.ca\/International\/wp-json\/wp\/v2\/categories?post=120683"},{"taxonomy":"post_tag","embeddable":true,"href":"https:\/\/linitiative.ca\/International\/wp-json\/wp\/v2\/tags?post=120683"}],"curies":[{"name":"wp","href":"https:\/\/api.w.org\/{rel}","templated":true}]}}