{"id":120684,"date":"2021-07-07T09:08:54","date_gmt":"2021-07-07T13:08:54","guid":{"rendered":"https:\/\/linitiative.ca\/International\/lors-du-volvo-cars-tech-moment-volvo-cars-devoile-ses-ambitions-futuristes\/"},"modified":"2021-07-07T09:08:54","modified_gmt":"2021-07-07T13:08:54","slug":"lors-du-volvo-cars-tech-moment-volvo-cars-devoile-ses-ambitions-futuristes","status":"publish","type":"post","link":"https:\/\/linitiative.ca\/International\/lors-du-volvo-cars-tech-moment-volvo-cars-devoile-ses-ambitions-futuristes\/","title":{"rendered":"Lors du Volvo Cars Tech Moment : Volvo Cars d\u00e9voile  ses ambitions futuristes"},"content":{"rendered":"<div>\n<p><img decoding=\"async\" width=\"300\" height=\"153\" src=\"https:\/\/linitiative.ca\/International\/wp-content\/uploads\/sites\/23\/2021\/07\/Volvo_Concept_Recharge-300x153-1.jpg\" class=\"attachment-medium size-medium wp-post-image\" alt=\"\" loading=\"lazy\" srcset=\"\/\/aujourdhui.ma\/wp-content\/uploads\/2021\/07\/Volvo_Concept_Recharge-300x153.jpg 300w, \/\/aujourdhui.ma\/wp-content\/uploads\/2021\/07\/Volvo_Concept_Recharge-274x140.jpg 274w, \/\/aujourdhui.ma\/wp-content\/uploads\/2021\/07\/Volvo_Concept_Recharge.jpg 746w, \/\/aujourdhui.ma\/wp-content\/uploads\/2021\/07\/Volvo_Concept_Recharge-165x84.jpg 165w, \/\/aujourdhui.ma\/wp-content\/uploads\/2021\/07\/Volvo_Concept_Recharge-702x358.jpg 702w\" sizes=\"auto, (max-width: 300px) 100vw, 300px\"><\/p>\n<p><span style=\"color: #800000;\"><strong>On en sait davantage sur la strat\u00e9gie d\u2019avenir de Volvo Cars et ses collaborations futures.<\/strong> <\/span><span id=\"more-381027\"><\/span><\/p>\n<p>En effet, le constructeur a lev\u00e9 le rideau, mercredi dernier, sur les d\u00e9tails de sa future feuille de route technologique lors du Volvo Cars Tech Moment. Cet \u00e9v\u00e9nement diffus\u00e9 en ligne \u00abillustre la fa\u00e7on avec laquelle le groupe est aujourd\u2019hui en train d\u2019\u00e9voluer pour devenir un constructeur de voitures haut de gamme enti\u00e8rement \u00e9lectriques, mais aussi un leader mondial du segment \u00e9lectrique haut de gamme \u00e0 l\u2019horizon 2030\u00bb, souligne la marque indiquant que durant ce rendez-vous, Volvo Cars a donn\u00e9 au public un premier aper\u00e7u sur toutes les nouvelles technologies qui sous-tendent l\u2019avenir du constructeur automobile, tout en expliquant que les voitures Volvo de la prochaine g\u00e9n\u00e9ration seront 100% \u00e9lectriques.<\/p>\n<p>Cet \u00e9v\u00e9nement a connu la participation de diff\u00e9rents intervenants dont des repr\u00e9sentants de Google, Luminar, Northvolt et Nvidia. Plusieurs th\u00e9matiques ont \u00e9t\u00e9 abord\u00e9es comme la voie de l\u2019entreprise vers une \u00e9lectrification compl\u00e8te, son ambition d\u2019internaliser davantage le d\u00e9veloppement de logiciels, sa centralisation informatique, son plan pour le prochain niveau de technologie de s\u00e9curit\u00e9 et sa strat\u00e9gie d\u2019introduction d\u2019une conduite autonome s\u00fbre.<\/p>\n<p><span style=\"color: #ff0000;\"><strong>Vers des v\u00e9hicules 100% \u00e9lectriques<\/strong><\/span><\/p>\n<p>La firme a d\u00e9voil\u00e9 son approche future de l\u2019info-divertissement tout en pr\u00e9sentant un concept car qui a permis de visualiser sa feuille de route technologique et qui a donn\u00e9 un aper\u00e7u relatif \u00e0 l\u2019avenir du design \u00e0 l\u2019\u00e8re du 100% \u00e9lectrique. \u00abParall\u00e8lement au fait que nous allons devenir une entreprise de voitures haut de gamme purement \u00e9lectriques \u00e0 l\u2019horizon 2030, nous nous engageons \u00e9galement \u00e0 cr\u00e9er les meilleures voitures de nos 94 ans d\u2019histoire\u00bb, indique H\u00e5kan Samuelsson, directeur g\u00e9n\u00e9ral de Volvo Cars, relevant qu\u2019il s\u2019agit l\u00e0 \u00abd\u2019une p\u00e9riode tr\u00e8s passionnante dans notre d\u00e9veloppement. A ce titre, nous ne manquerons pas de r\u00e9pondre \u00e0 la demande croissante de nos clients pour des voitures purement \u00e9lectriques \u00e0 m\u00eame d\u2019offrir une connectivit\u00e9 encore plus transparente, mais aussi de mettre \u00e0 leur disposition des normes de s\u00e9curit\u00e9 de pointe et de leur donner acc\u00e8s \u00e0 une conduite autonome ultra avanc\u00e9e et fiable\u00bb. Il faut dire que Volvo Cars s\u2019est engag\u00e9e dans une \u00e9lectrification totale et dans la mise en place de toute une s\u00e9rie de plans ambitieux relatifs \u00e0 sa prochaine g\u00e9n\u00e9ration de voitures enti\u00e8rement \u00e9lectriques. La firme vise la conception de voitures \u00e9lectriques dont l\u2019autonomie r\u00e9elle doublera en comparaison avec ce que le march\u00e9 actuel a \u00e0 offrir.<\/p>\n<div class=\"mom_images_grid mom_images_3_cols\">\n<ul class=\"galleryslider\">\n<li class=\"first\"><a href=\"https:\/\/aujourdhui.ma\/wp-content\/uploads\/2021\/07\/283660_Tech_Moment_-_Battery_propulsion-scaled.jpg\" data-title=\"Tech Moment - Battery propulsion\" title=\"Tech Moment - Battery propulsion\"><img decoding=\"async\" alt=\"Tech Moment - Battery propulsion\" src=\"https:\/\/linitiative.ca\/International\/wp-content\/uploads\/sites\/23\/2021\/07\/283660_Tech_Moment_-_Battery_propulsion-746x380-1.jpg\"><\/a><\/li>\n<li class=\"\"><a href=\"https:\/\/aujourdhui.ma\/wp-content\/uploads\/2021\/07\/283661_Tech_Moment_-_Battery_propulsion-scaled.jpg\" data-title=\"Tech Moment - Battery propulsion\" title=\"Tech Moment - Battery propulsion\"><img decoding=\"async\" alt=\"Tech Moment - Battery propulsion\" src=\"https:\/\/linitiative.ca\/International\/wp-content\/uploads\/sites\/23\/2021\/07\/283661_Tech_Moment_-_Battery_propulsion-746x380-1.jpg\"><\/a><\/li>\n<li class=\"last\"><a href=\"https:\/\/aujourdhui.ma\/wp-content\/uploads\/2021\/07\/283664_Tech_Moment_-_Safety_AD-scaled.jpg\" data-title=\"Tech Moment - Zero collisions\" title=\"Tech Moment - Zero collisions\"><img decoding=\"async\" alt=\"Tech Moment - Zero collisions\" src=\"https:\/\/linitiative.ca\/International\/wp-content\/uploads\/sites\/23\/2021\/07\/283664_Tech_Moment_-_Safety_AD-746x380-1.jpg\"><\/a><\/li>\n<li class=\"first\"><a href=\"https:\/\/aujourdhui.ma\/wp-content\/uploads\/2021\/07\/283665_Tech_Moment_-_Safety_AD-scaled.jpg\" data-title=\"Tech Moment - Zero collisions\" title=\"Tech Moment - Zero collisions\"><img decoding=\"async\" alt=\"Tech Moment - Zero collisions\" src=\"https:\/\/linitiative.ca\/International\/wp-content\/uploads\/sites\/23\/2021\/07\/283665_Tech_Moment_-_Safety_AD-746x380-1.jpg\"><\/a><\/li>\n<li class=\"\"><a href=\"https:\/\/aujourdhui.ma\/wp-content\/uploads\/2021\/07\/283667_Tech_Moment_-_Safety_AD-scaled.jpg\" data-title=\"Tech Moment - Zero collisions\" title=\"Tech Moment - Zero collisions\"><img decoding=\"async\" alt=\"Tech Moment - Zero collisions\" src=\"https:\/\/linitiative.ca\/International\/wp-content\/uploads\/sites\/23\/2021\/07\/283667_Tech_Moment_-_Safety_AD-746x380-1.jpg\"><\/a><\/li>\n<li class=\"last\"><a href=\"https:\/\/aujourdhui.ma\/wp-content\/uploads\/2021\/07\/283670_Tech_Moment_-_Core_computing-scaled.jpg\" data-title=\"Tech Moment - Core computing\" title=\"Tech Moment - Core computing\"><img decoding=\"async\" alt=\"Tech Moment - Core computing\" src=\"https:\/\/linitiative.ca\/International\/wp-content\/uploads\/sites\/23\/2021\/07\/283670_Tech_Moment_-_Core_computing-746x380-1.jpg\"><\/a><\/li>\n<\/ul>\n<\/div>\n<p>Elles permettront en outre d\u2019atteindre une rapidit\u00e9 de recharge optimale de leurs batteries et ce \u00e0 des co\u00fbts nettement plus inf\u00e9rieurs, aussi bien pour leur acquisition que pour leur recharge. A la moiti\u00e9 de l\u2019actuelle d\u00e9cennie, Volvo Cars ambitionne d\u2019\u00e9couler pas moins de 1,2 million de voitures dans le monde, dont au moins la moiti\u00e9 seront des voitures \u00e9lectriques. Au niveau financier, le constructeur vise une marge d\u2019exploitation annuelle de 8 \u00e0 10% \u00e0 partir du milieu de la d\u00e9cennie. La marque attribue cela \u00e0 la hausse de ses ventes, \u00e0 l\u2019instauration de canaux de vente et de distribution plus efficaces, \u00e0 l\u2019encouragement de synergies avec ses filiales et \u00e0 la proposition d\u2019une tr\u00e8s large gamme de mod\u00e8les \u00e9lectriques. \u00abEn plus d\u2019\u00e9quiper syst\u00e9matiquement l\u2019int\u00e9rieur de ses voitures d\u2019ordinateurs centraux de pointe con\u00e7us par Nvidia, Volvo Cars commencera \u00e9galement \u00e0 d\u00e9velopper ses logiciels en interne. Le Groupe est d\u2019ailleurs profond\u00e9ment convaincu du r\u00f4le croissant du software en tant que diff\u00e9renciateur dans l\u2019utilisation de voitures du futur et en tant que moteur de croissance rentable\u00bb, explique la m\u00eame source.<\/p>\n<p><span style=\"color: #ff0000;\"><strong>S\u00e9curit\u00e9 et conduite autonome<\/strong><\/span><\/p>\n<p>Volvo Cars mise sur cette nouvelle strat\u00e9gie qui lui permettra \u00abd\u2019am\u00e9liorer sa flexibilit\u00e9, d\u2019acc\u00e9l\u00e9rer ses vitesses de d\u00e9veloppement et de d\u00e9ployer, de mani\u00e8re tr\u00e8s rapide, de nouveaux services, technologies et logiciels \u00e0 distance (over-the-air)\u00bb. Il se dit fid\u00e8le \u00e0 sa philosophie et \u00e0 son leadership en mati\u00e8re de s\u00e9curit\u00e9 et fondera la prochaine g\u00e9n\u00e9ration de ses mod\u00e8les sur de nouvelles normes en mati\u00e8re de s\u00e9curit\u00e9. Dans cette perspective, les futures voitures Volvo accueilleront les diff\u00e9rents dispositifs li\u00e9s \u00e0 la conduite autonome parmi lesquels les capteurs LiDAR de Luminar. De plus, Volvo ambitionne d\u2019exploiter la puissance des donn\u00e9es en temps r\u00e9el afin d\u2019am\u00e9liorer de mani\u00e8re constante les niveaux de s\u00e9curit\u00e9 de ses voitures. Au cours de cet \u00e9v\u00e9nement, la marque n\u2019a pas manqu\u00e9 de rappeler sa d\u00e9termination \u00e0 poursuivre sa collaboration avec Google, notamment pour le d\u00e9veloppement de son approche de pointe en mati\u00e8re d\u2019info-divertissement et de connectivit\u00e9.<\/p>\n<\/div>\n<p>Auteur: ALM<br \/>\n<a href=\"https:\/\/aujourdhui.ma\/automobile\/lors-du-volvo-cars-tech-moment-volvo-cars-devoile-ses-ambitions-futuristes\">Cliquez ici pour lire l&rsquo;article depuis sa source.<\/a><\/p>\n","protected":false},"excerpt":{"rendered":"<p>On en sait davantage sur la strat\u00e9gie d\u2019avenir de Volvo Cars et ses collaborations futures. En effet, le constructeur a lev\u00e9 le rideau, mercredi dernier, sur les d\u00e9tails de sa future feuille de route technologique lors du Volvo Cars Tech Moment. Cet \u00e9v\u00e9nement diffus\u00e9 en ligne \u00abillustre la fa\u00e7on avec laquelle le groupe est aujourd\u2019hui [&hellip;]<\/p>\n","protected":false},"author":1759,"featured_media":0,"comment_status":"closed","ping_status":"closed","sticky":false,"template":"","format":"standard","meta":{"fifu_image_url":"https:\/\/aujourdhui.ma\/wp-content\/uploads\/2021\/07\/Volvo_Concept_Recharge-300x153.jpg","fifu_image_alt":"Lors du Volvo Cars Tech Moment : Volvo Cars d\u00e9voile  ses ambitions futuristes","footnotes":""},"categories":[73,54],"tags":[],"class_list":["post-120684","post","type-post","status-publish","format-standard","hentry","category-actualite","category-maroc"],"_links":{"self":[{"href":"https:\/\/linitiative.ca\/International\/wp-json\/wp\/v2\/posts\/120684","targetHints":{"allow":["GET"]}}],"collection":[{"href":"https:\/\/linitiative.ca\/International\/wp-json\/wp\/v2\/posts"}],"about":[{"href":"https:\/\/linitiative.ca\/International\/wp-json\/wp\/v2\/types\/post"}],"author":[{"embeddable":true,"href":"https:\/\/linitiative.ca\/International\/wp-json\/wp\/v2\/users\/1759"}],"replies":[{"embeddable":true,"href":"https:\/\/linitiative.ca\/International\/wp-json\/wp\/v2\/comments?post=120684"}],"version-history":[{"count":0,"href":"https:\/\/linitiative.ca\/International\/wp-json\/wp\/v2\/posts\/120684\/revisions"}],"wp:attachment":[{"href":"https:\/\/linitiative.ca\/International\/wp-json\/wp\/v2\/media?parent=120684"}],"wp:term":[{"taxonomy":"category","embeddable":true,"href":"https:\/\/linitiative.ca\/International\/wp-json\/wp\/v2\/categories?post=120684"},{"taxonomy":"post_tag","embeddable":true,"href":"https:\/\/linitiative.ca\/International\/wp-json\/wp\/v2\/tags?post=120684"}],"curies":[{"name":"wp","href":"https:\/\/api.w.org\/{rel}","templated":true}]}}