{"id":120688,"date":"2021-07-07T06:00:00","date_gmt":"2021-07-07T10:00:00","guid":{"rendered":"https:\/\/linitiative.ca\/International\/le-cap-du-million-de-ventes-franchi\/"},"modified":"2021-07-07T06:00:00","modified_gmt":"2021-07-07T10:00:00","slug":"le-cap-du-million-de-ventes-franchi","status":"publish","type":"post","link":"https:\/\/linitiative.ca\/International\/le-cap-du-million-de-ventes-franchi\/","title":{"rendered":"Le cap du million de ventes franchi"},"content":{"rendered":"<div>L\u2019Allemagne atteindra le cap d\u2019un million de voitures \u00e9lectriques immatricul\u00e9es en juillet 2021, soit avec 6 mois de retard. M\u00eame si elle ne veut pas d\u2019un passage pr\u00e9cipit\u00e9 vers la mobilit\u00e9 \u00e9lectrique et<\/div>\n<p>Auteur:<br \/>\n<a href=\"https:\/\/www.lesoirdalgerie.com\/le-soir-auto\/le-cap-du-million-de-ventes-franchi-64000\">Cliquez ici pour lire l&rsquo;article depuis sa source.<\/a><\/p>\n","protected":false},"excerpt":{"rendered":"<p>L\u2019Allemagne atteindra le cap d\u2019un million de voitures \u00e9lectriques immatricul\u00e9es en juillet 2021, soit avec 6 mois de retard. M\u00eame si elle ne veut pas d\u2019un passage pr\u00e9cipit\u00e9 vers la mobilit\u00e9 \u00e9lectrique et Auteur: Cliquez ici pour lire l&rsquo;article depuis sa source.<\/p>\n","protected":false},"author":1741,"featured_media":0,"comment_status":"closed","ping_status":"closed","sticky":false,"template":"","format":"standard","meta":{"fifu_image_url":"","fifu_image_alt":"","footnotes":""},"categories":[73,53],"tags":[],"class_list":["post-120688","post","type-post","status-publish","format-standard","hentry","category-actualite","category-algerie"],"_links":{"self":[{"href":"https:\/\/linitiative.ca\/International\/wp-json\/wp\/v2\/posts\/120688","targetHints":{"allow":["GET"]}}],"collection":[{"href":"https:\/\/linitiative.ca\/International\/wp-json\/wp\/v2\/posts"}],"about":[{"href":"https:\/\/linitiative.ca\/International\/wp-json\/wp\/v2\/types\/post"}],"author":[{"embeddable":true,"href":"https:\/\/linitiative.ca\/International\/wp-json\/wp\/v2\/users\/1741"}],"replies":[{"embeddable":true,"href":"https:\/\/linitiative.ca\/International\/wp-json\/wp\/v2\/comments?post=120688"}],"version-history":[{"count":0,"href":"https:\/\/linitiative.ca\/International\/wp-json\/wp\/v2\/posts\/120688\/revisions"}],"wp:attachment":[{"href":"https:\/\/linitiative.ca\/International\/wp-json\/wp\/v2\/media?parent=120688"}],"wp:term":[{"taxonomy":"category","embeddable":true,"href":"https:\/\/linitiative.ca\/International\/wp-json\/wp\/v2\/categories?post=120688"},{"taxonomy":"post_tag","embeddable":true,"href":"https:\/\/linitiative.ca\/International\/wp-json\/wp\/v2\/tags?post=120688"}],"curies":[{"name":"wp","href":"https:\/\/api.w.org\/{rel}","templated":true}]}}