{"id":120696,"date":"2021-07-07T07:23:28","date_gmt":"2021-07-07T11:23:28","guid":{"rendered":"https:\/\/linitiative.ca\/International\/haiti-le-president-moise-assassine-annonce-le-premier-ministre\/"},"modified":"2021-07-07T07:23:28","modified_gmt":"2021-07-07T11:23:28","slug":"haiti-le-president-moise-assassine-annonce-le-premier-ministre","status":"publish","type":"post","link":"https:\/\/linitiative.ca\/International\/haiti-le-president-moise-assassine-annonce-le-premier-ministre\/","title":{"rendered":"Ha\u00efti : Le pr\u00e9sident Mo\u00efse assassin\u00e9, annonce le Premier ministre"},"content":{"rendered":"<div>\n<div class=\"sriret\"><img loading=\"lazy\" decoding=\"async\" width=\"507\" height=\"321\" src=\"https:\/\/linitiative.ca\/International\/wp-content\/uploads\/sites\/23\/2021\/07\/Jovenel-MoiCC88se-e1625665002970.jpeg\" class=\"attachment-featured_large size-featured_large wp-post-image\" alt=\"\" style=\"margin-bottom: 15px;\" srcset=\"https:\/\/linitiative.ca\/International\/wp-content\/uploads\/sites\/23\/2021\/07\/Jovenel-MoiCC88se-e1625665002970.jpeg 507w, https:\/\/www.elwatan.com\/wp-content\/uploads\/2021\/07\/Jovenel-Moi\u0308se-e1625665002970-300x190.jpeg 300w\" sizes=\"auto, (max-width: 507px) 100vw, 507px\"><\/div>\n<p><em><strong>Le pr\u00e9sident ha\u00eftien Jovenel Mo\u00efse a \u00e9t\u00e9 assassin\u00e9 t\u00f4t mercredi matin chez lui par un commando form\u00e9 d\u2019\u00e9l\u00e9ments \u00e9trangers, a annonc\u00e9 le Premier ministre sortant Claude Joseph.<\/strong> <\/em><\/p>\n<p>L\u2019\u00e9pouse du pr\u00e9sident a \u00e9t\u00e9 bless\u00e9e dans l\u2019attaque et hospitalis\u00e9e, a pr\u00e9cis\u00e9 M. Joseph. Il a appel\u00e9 la population au calme et indiqu\u00e9 que la police et l\u2019arm\u00e9e allaient assurer le maintien de l\u2019ordre.<\/p>\n<p style=\"text-align: right;\"><strong><em>AFP<\/em><\/strong><\/p>\n<p>L\u2019article <a rel=\"nofollow\" href=\"https:\/\/www.elwatan.com\/edition\/international\/haiti-le-president-moise-assassine-annonce-le-premier-ministre-07-07-2021\">Ha\u00efti : Le pr\u00e9sident Mo\u00efse assassin\u00e9, annonce le Premier ministre<\/a> est apparu en premier sur <a rel=\"nofollow\" href=\"https:\/\/www.elwatan.com\/\">El Watan<\/a>.<\/p>\n<\/div>\n<p>Auteur: Mohand Yahiaoui<br \/>\n<a href=\"https:\/\/www.elwatan.com\/edition\/international\/haiti-le-president-moise-assassine-annonce-le-premier-ministre-07-07-2021\">Cliquez ici pour lire l&rsquo;article depuis sa source.<\/a><\/p>\n","protected":false},"excerpt":{"rendered":"<p>Le pr\u00e9sident ha\u00eftien Jovenel Mo\u00efse a \u00e9t\u00e9 assassin\u00e9 t\u00f4t mercredi matin chez lui par un commando form\u00e9 d\u2019\u00e9l\u00e9ments \u00e9trangers, a annonc\u00e9 le Premier ministre sortant Claude Joseph. L\u2019\u00e9pouse du pr\u00e9sident a \u00e9t\u00e9 bless\u00e9e dans l\u2019attaque et hospitalis\u00e9e, a pr\u00e9cis\u00e9 M. Joseph. Il a appel\u00e9 la population au calme et indiqu\u00e9 que la police et l\u2019arm\u00e9e [&hellip;]<\/p>\n","protected":false},"author":1743,"featured_media":0,"comment_status":"closed","ping_status":"closed","sticky":false,"template":"","format":"standard","meta":{"fifu_image_url":"https:\/\/www.elwatan.com\/wp-content\/uploads\/2021\/07\/Jovenel-Moi\u0308se-e1625665002970.jpeg","fifu_image_alt":"Ha\u00efti : Le pr\u00e9sident Mo\u00efse assassin\u00e9, annonce le Premier ministre","footnotes":""},"categories":[73,53],"tags":[],"class_list":["post-120696","post","type-post","status-publish","format-standard","hentry","category-actualite","category-algerie"],"_links":{"self":[{"href":"https:\/\/linitiative.ca\/International\/wp-json\/wp\/v2\/posts\/120696","targetHints":{"allow":["GET"]}}],"collection":[{"href":"https:\/\/linitiative.ca\/International\/wp-json\/wp\/v2\/posts"}],"about":[{"href":"https:\/\/linitiative.ca\/International\/wp-json\/wp\/v2\/types\/post"}],"author":[{"embeddable":true,"href":"https:\/\/linitiative.ca\/International\/wp-json\/wp\/v2\/users\/1743"}],"replies":[{"embeddable":true,"href":"https:\/\/linitiative.ca\/International\/wp-json\/wp\/v2\/comments?post=120696"}],"version-history":[{"count":0,"href":"https:\/\/linitiative.ca\/International\/wp-json\/wp\/v2\/posts\/120696\/revisions"}],"wp:attachment":[{"href":"https:\/\/linitiative.ca\/International\/wp-json\/wp\/v2\/media?parent=120696"}],"wp:term":[{"taxonomy":"category","embeddable":true,"href":"https:\/\/linitiative.ca\/International\/wp-json\/wp\/v2\/categories?post=120696"},{"taxonomy":"post_tag","embeddable":true,"href":"https:\/\/linitiative.ca\/International\/wp-json\/wp\/v2\/tags?post=120696"}],"curies":[{"name":"wp","href":"https:\/\/api.w.org\/{rel}","templated":true}]}}