{"id":120704,"date":"2021-07-07T11:27:26","date_gmt":"2021-07-07T15:27:26","guid":{"rendered":"https:\/\/linitiative.ca\/International\/aid-al-adha-plus-de-1-700-veterinaires-publics-et-prives-mobilises\/"},"modified":"2021-07-07T11:27:26","modified_gmt":"2021-07-07T15:27:26","slug":"aid-al-adha-plus-de-1-700-veterinaires-publics-et-prives-mobilises","status":"publish","type":"post","link":"https:\/\/linitiative.ca\/International\/aid-al-adha-plus-de-1-700-veterinaires-publics-et-prives-mobilises\/","title":{"rendered":"A\u00efd Al Adha : Plus de 1.700 v\u00e9t\u00e9rinaires publics et priv\u00e9s mobilis\u00e9s"},"content":{"rendered":"<div>\n<p><img decoding=\"async\" width=\"300\" height=\"153\" src=\"https:\/\/linitiative.ca\/International\/wp-content\/uploads\/sites\/23\/2021\/07\/Aid-Al-Adha-ONSSA-veterinaire-300x153-1.jpg\" class=\"attachment-medium size-medium wp-post-image\" alt=\"\" loading=\"lazy\" srcset=\"\/\/aujourdhui.ma\/wp-content\/uploads\/2021\/07\/Aid-Al-Adha-ONSSA-veterinaire-300x153.jpg 300w, \/\/aujourdhui.ma\/wp-content\/uploads\/2021\/07\/Aid-Al-Adha-ONSSA-veterinaire-274x140.jpg 274w, \/\/aujourdhui.ma\/wp-content\/uploads\/2021\/07\/Aid-Al-Adha-ONSSA-veterinaire.jpg 746w, \/\/aujourdhui.ma\/wp-content\/uploads\/2021\/07\/Aid-Al-Adha-ONSSA-veterinaire-165x84.jpg 165w, \/\/aujourdhui.ma\/wp-content\/uploads\/2021\/07\/Aid-Al-Adha-ONSSA-veterinaire-702x358.jpg 702w\" sizes=\"auto, (max-width: 300px) 100vw, 300px\"><\/p>\n<p><span style=\"font-size: 20px; color: #800000;\"><strong>En vue de garantir le bon d\u00e9roulement de cette c\u00e9l\u00e9bration religieuse<\/strong><\/span><span id=\"more-381067\"><\/span><\/p>\n<p>L\u2019Ordre national des v\u00e9t\u00e9rinaires pleinement engag\u00e9 pour r\u00e9ussir l\u2019op\u00e9ration d\u2019A\u00efd Al Adha. Dans le cadre des pr\u00e9paratifs de cette c\u00e9l\u00e9bration religieuse, l\u2019Ordre, \u00e0 travers ses composantes publique et priv\u00e9e, chacune selon ses attributions, a r\u00e9it\u00e9r\u00e9 sa mobilisation pour garantir le bon d\u00e9roulement de cette f\u00eate. \u00ab\u00c0 l\u2019instar des ann\u00e9es pr\u00e9c\u00e9dentes, conscients de leurs r\u00f4les dans la protection de la sant\u00e9 publique d\u2019une part et celle du cheptel national d\u2019autre part, plus de 1.200 v\u00e9t\u00e9rinaires du secteur priv\u00e9 et 500 du secteur public travaillent activement pour maintenir le statut sanitaire des petits ruminants \u00e0 un niveau tr\u00e8s satisfaisant\u00bb, rel\u00e8ve-t-on d\u2019une r\u00e9cente communication de l\u2019Ordre national des v\u00e9t\u00e9rinaires. L\u2019action de l\u2019Ordre se d\u00e9cline en quatre interventions.<\/p>\n<p>Elle porte, en effet, sur l\u2019encadrement sanitaire des \u00e9levages des animaux destin\u00e9s \u00e0 la consommation, l\u2019incitation des \u00e9leveurs \u00e0 adh\u00e9rer massivement \u00e0 l\u2019op\u00e9ration d\u2019enregistrement et d\u2019identification des ovins et caprins destin\u00e9s \u00e0 l\u2019abattage le jour de l\u2019A\u00efd ainsi que sur le contr\u00f4le des aliments et de l\u2019eau d\u2019abreuvement destin\u00e9s aux animaux tout en sensibilisant les \u00e9leveurs aux bonnes pratiques alimentaires du cheptel. La quatri\u00e8me intervention consiste en l\u2019utilisation raisonn\u00e9e des m\u00e9dicaments v\u00e9t\u00e9rinaires prescrits en invitant les \u00e9leveurs \u00e0 s\u2019abstenir de pratiquer l\u2019autom\u00e9dication et \u00e0 respecter les d\u00e9lais d\u2019attente recommand\u00e9s.<\/p>\n<p>L\u2019Ordre rappelle par ailleurs que \u00abtous les v\u00e9t\u00e9rinaires, assurant quotidiennement le contr\u00f4le sanitaire et qualitatif des abattages au niveau des diff\u00e9rents abattoirs du Royaume, seront mobilis\u00e9s pour assurer la permanence instaur\u00e9e par les services v\u00e9t\u00e9rinaires lors des journ\u00e9es de l\u2019A\u00efd afin de r\u00e9pondre aux appels des citoyens et \u00e0 leurs questionnements en vue de garantir de meilleures conditions de d\u00e9roulement de cette f\u00eate religieuse\u00bb. Et de conclure \u00abpar un appel aux citoyens afin de respecter les conseils sanitaires se rapportant \u00e0 l\u2019achat et au sacrifice de l\u2019animal, \u00e0 la d\u00e9coupe de la carcasse et \u00e0 la conservation des viandes\u00bb.<\/p>\n<\/div>\n<p>Auteur: ALM<br \/>\n<a href=\"https:\/\/aujourdhui.ma\/societe\/aid-al-adha-plus-de-1-700-veterinaires-publics-et-prives-mobilises\">Cliquez ici pour lire l&rsquo;article depuis sa source.<\/a><\/p>\n","protected":false},"excerpt":{"rendered":"<p>En vue de garantir le bon d\u00e9roulement de cette c\u00e9l\u00e9bration religieuse L\u2019Ordre national des v\u00e9t\u00e9rinaires pleinement engag\u00e9 pour r\u00e9ussir l\u2019op\u00e9ration d\u2019A\u00efd Al Adha. Dans le cadre des pr\u00e9paratifs de cette c\u00e9l\u00e9bration religieuse, l\u2019Ordre, \u00e0 travers ses composantes publique et priv\u00e9e, chacune selon ses attributions, a r\u00e9it\u00e9r\u00e9 sa mobilisation pour garantir le bon d\u00e9roulement de cette [&hellip;]<\/p>\n","protected":false},"author":1759,"featured_media":0,"comment_status":"closed","ping_status":"closed","sticky":false,"template":"","format":"standard","meta":{"fifu_image_url":"https:\/\/aujourdhui.ma\/wp-content\/uploads\/2021\/07\/Aid-Al-Adha-ONSSA-veterinaire-300x153.jpg","fifu_image_alt":"A\u00efd Al Adha : Plus de 1.700 v\u00e9t\u00e9rinaires publics et priv\u00e9s mobilis\u00e9s","footnotes":""},"categories":[73,54],"tags":[],"class_list":["post-120704","post","type-post","status-publish","format-standard","hentry","category-actualite","category-maroc"],"_links":{"self":[{"href":"https:\/\/linitiative.ca\/International\/wp-json\/wp\/v2\/posts\/120704","targetHints":{"allow":["GET"]}}],"collection":[{"href":"https:\/\/linitiative.ca\/International\/wp-json\/wp\/v2\/posts"}],"about":[{"href":"https:\/\/linitiative.ca\/International\/wp-json\/wp\/v2\/types\/post"}],"author":[{"embeddable":true,"href":"https:\/\/linitiative.ca\/International\/wp-json\/wp\/v2\/users\/1759"}],"replies":[{"embeddable":true,"href":"https:\/\/linitiative.ca\/International\/wp-json\/wp\/v2\/comments?post=120704"}],"version-history":[{"count":0,"href":"https:\/\/linitiative.ca\/International\/wp-json\/wp\/v2\/posts\/120704\/revisions"}],"wp:attachment":[{"href":"https:\/\/linitiative.ca\/International\/wp-json\/wp\/v2\/media?parent=120704"}],"wp:term":[{"taxonomy":"category","embeddable":true,"href":"https:\/\/linitiative.ca\/International\/wp-json\/wp\/v2\/categories?post=120704"},{"taxonomy":"post_tag","embeddable":true,"href":"https:\/\/linitiative.ca\/International\/wp-json\/wp\/v2\/tags?post=120704"}],"curies":[{"name":"wp","href":"https:\/\/api.w.org\/{rel}","templated":true}]}}