{"id":120714,"date":"2021-07-07T12:55:11","date_gmt":"2021-07-07T16:55:11","guid":{"rendered":"https:\/\/linitiative.ca\/International\/une-exposition-collective-celebre-lart-des-mogadoriens\/"},"modified":"2021-07-07T12:55:11","modified_gmt":"2021-07-07T16:55:11","slug":"une-exposition-collective-celebre-lart-des-mogadoriens","status":"publish","type":"post","link":"https:\/\/linitiative.ca\/International\/une-exposition-collective-celebre-lart-des-mogadoriens\/","title":{"rendered":"Une exposition collective c\u00e9l\u00e8bre \u00ab\u00a0l\u2019art des Mogadoriens\u00a0\u00bb"},"content":{"rendered":"<div>\n<div style=\"margin-bottom:20px;\"><img loading=\"lazy\" decoding=\"async\" width=\"750\" height=\"430\" src=\"https:\/\/linitiative.ca\/International\/wp-content\/uploads\/sites\/23\/2021\/07\/exposit-esssa-copier.jpg\" class=\"attachment-post-thumbnail size-post-thumbnail wp-post-image\" alt=\"\" srcset=\"https:\/\/linitiative.ca\/International\/wp-content\/uploads\/sites\/23\/2021\/07\/exposit-esssa-copier.jpg 750w, http:\/\/www.mapmarrakech.ma\/map\/uploads\/2021\/07\/exposit-esssa-copier-300x172.jpg 300w\" sizes=\"auto, (max-width: 750px) 100vw, 750px\"><\/div>\n<p>Initi\u00e9e en collaboration avec l\u2019Association Essaouira-Mogador, cette exposition haute en couleurs, qui se poursuivra jusqu\u2019au 17 juillet, invite les passionn\u00e9s des arts plastiques et les nombreux visiteurs, marocains et \u00e9trangers, de la Cit\u00e9 des Aliz\u00e9s en cette p\u00e9riode estivale, \u00e0 d\u00e9couvrir et \u00e0 appr\u00e9cier les derni\u00e8res \u0153uvres et cr\u00e9ations des artistes souiris Chama Attar, Noureddine Hajjaj et Abdellah Rbia.<\/p>\n<p>A travers cette initiative collective, ces trois plasticiens aux styles diff\u00e9renci\u00e9s pr\u00e9sentent ainsi \u00ab\u00a0l\u2019authenticit\u00e9 et la diversit\u00e9 dans le mouvement artistique \u00e0 Essaouira\u00a0\u00bb.<\/p>\n<p>Dans des d\u00e9clarations \u00e0 la MAP \u00e0 cette occasion, ces artistes-peintres ont indiqu\u00e9 que cette exposition, qui n\u2019est pas leur premi\u00e8re exp\u00e9rience collective, leur permet de r\u00e9tablir le contact avec le public et les passionn\u00e9s des arts apr\u00e8s une longue p\u00e9riode d\u2019arr\u00eat en raison de la conjoncture induite par la propagation de la pand\u00e9mie de la Covid-19, qui a mis \u00e0 mal toute l\u2019activit\u00e9 artistique \u00e0 l\u2019instar des autres secteurs.<\/p>\n<p>Ils n\u2019ont pas manqu\u00e9 de saluer l\u2019initiative de l\u2019Association Essaouira-Mogador qui ne cesse d\u2019encourager les artistes en mettant \u00e0 leur disposition l\u2019espace d\u2019exposition \u00ab\u00a0Tayeb Saddiki\u00a0\u00bb \u00e0 \u00ab\u00a0Dar Souiri\u00a0\u00bb pour faire la lumi\u00e8re sur leurs r\u00e9centes cr\u00e9ations et mettre en avant la diversit\u00e9 des th\u00e9matiques abord\u00e9es par leurs \u0153uvres expos\u00e9es.<\/p>\n<p>Ils ont, dans ce sillage, insist\u00e9 sur l\u2019impact clair de la nostalgie et du cachet culturel propre \u00e0 la Cit\u00e9 des Aliz\u00e9s sur leurs tableaux, soulignant que cette initiative se veut une contribution en vue de raviver la m\u00e9moire collective de la ville d\u2019Essaouira.<\/p>\n<p>De son c\u00f4t\u00e9, Ahmed Harrouz, membre de l\u2019Association Essaouira-Mogador et artiste-peintre, a soulign\u00e9 que \u00ab\u00a0c\u2019est par effet et h\u00e9ritage historique que l\u2019on reconna\u00eet et appr\u00e9cie l\u2019authentique langage artistique pictural des artistes d\u2019Essaouira, dont les pinceaux sont tromp\u00e9s dans toute une culture de cette cit\u00e9\u00a0\u00bb.<\/p>\n<p>C\u2019est aussi \u00e0 travers \u00ab\u00a0les m\u00e9diations diversifi\u00e9es chez ces artistes, femmes et hommes, que l\u2019on reconna\u00eet et savoure les originalit\u00e9s de chacun(e) d\u2019entre eux, selon son style personnel et sa fa\u00e7on de chanter l\u2019hymne mogadorien de la paix et l\u2019esth\u00e9tique\u00a0\u00bb, a-t-il expliqu\u00e9.<\/p>\n<p>Et de poursuivre que \u00ab\u00a0connus parmi les pr\u00e9curseurs de cette vague artistique, qui se nourrissait d\u00e9j\u00e0 -durant les ann\u00e9es 50- du vivre en commun et de l\u2019\u00e9change entre artistes souiris de diff\u00e9rentes confessions, ils nous rassurent encore plus de ce qui se transmet durant l\u2019histoire \u00e0 d\u2019autres jeunes artistes \u00e0 Mogador\u00a0\u00bb.<\/p>\n<p>Selon lui, \u00ab\u00a0c\u2019est leur persistance et militantisme artistique et associatif incessant, qui pr\u00e9servent l\u2019esprit de cette originalit\u00e9 et gardent vivaces la flamme de l\u2019art \u00e0 Mogador et la passion de la faire nourrir par la diversit\u00e9 de chez nous\u00a0\u00bb.<\/p>\n<p>The post <a rel=\"nofollow\" href=\"http:\/\/www.mapmarrakech.ma\/fr\/une-exposition-collective-celebre-lart-des-mogadoriens\/\">Une exposition collective c\u00e9l\u00e8bre \u00ab\u00a0l\u2019art des Mogadoriens\u00a0\u00bb<\/a> appeared first on <a rel=\"nofollow\" href=\"http:\/\/www.mapmarrakech.ma\/fr\">MapMarrakech<\/a>.<\/p>\n<\/div>\n<p>Auteur: Meriem IGASS<br \/>\n<a href=\"http:\/\/www.mapmarrakech.ma\/fr\/une-exposition-collective-celebre-lart-des-mogadoriens\/\">Cliquez ici pour lire l&rsquo;article depuis sa source.<\/a><\/p>\n","protected":false},"excerpt":{"rendered":"<p>Initi\u00e9e en collaboration avec l\u2019Association Essaouira-Mogador, cette exposition haute en couleurs, qui se poursuivra jusqu\u2019au 17 juillet, invite les passionn\u00e9s des arts plastiques et les nombreux visiteurs, marocains et \u00e9trangers, de la Cit\u00e9 des Aliz\u00e9s en cette p\u00e9riode estivale, \u00e0 d\u00e9couvrir et \u00e0 appr\u00e9cier les derni\u00e8res \u0153uvres et cr\u00e9ations des artistes souiris Chama Attar, Noureddine [&hellip;]<\/p>\n","protected":false},"author":1788,"featured_media":0,"comment_status":"closed","ping_status":"closed","sticky":false,"template":"","format":"standard","meta":{"fifu_image_url":"http:\/\/www.mapmarrakech.ma\/map\/uploads\/2021\/07\/exposit-esssa-copier.jpg","fifu_image_alt":"Une exposition collective c\u00e9l\u00e8bre \u00ab\u00a0l\u2019art des Mogadoriens\u00a0\u00bb","footnotes":""},"categories":[54,76],"tags":[],"class_list":["post-120714","post","type-post","status-publish","format-standard","hentry","category-maroc","category-regions"],"_links":{"self":[{"href":"https:\/\/linitiative.ca\/International\/wp-json\/wp\/v2\/posts\/120714","targetHints":{"allow":["GET"]}}],"collection":[{"href":"https:\/\/linitiative.ca\/International\/wp-json\/wp\/v2\/posts"}],"about":[{"href":"https:\/\/linitiative.ca\/International\/wp-json\/wp\/v2\/types\/post"}],"author":[{"embeddable":true,"href":"https:\/\/linitiative.ca\/International\/wp-json\/wp\/v2\/users\/1788"}],"replies":[{"embeddable":true,"href":"https:\/\/linitiative.ca\/International\/wp-json\/wp\/v2\/comments?post=120714"}],"version-history":[{"count":0,"href":"https:\/\/linitiative.ca\/International\/wp-json\/wp\/v2\/posts\/120714\/revisions"}],"wp:attachment":[{"href":"https:\/\/linitiative.ca\/International\/wp-json\/wp\/v2\/media?parent=120714"}],"wp:term":[{"taxonomy":"category","embeddable":true,"href":"https:\/\/linitiative.ca\/International\/wp-json\/wp\/v2\/categories?post=120714"},{"taxonomy":"post_tag","embeddable":true,"href":"https:\/\/linitiative.ca\/International\/wp-json\/wp\/v2\/tags?post=120714"}],"curies":[{"name":"wp","href":"https:\/\/api.w.org\/{rel}","templated":true}]}}