{"id":120717,"date":"2021-07-07T11:56:12","date_gmt":"2021-07-07T15:56:12","guid":{"rendered":"https:\/\/linitiative.ca\/International\/maroc-israel-consultations-politiques-a-rabat\/"},"modified":"2021-07-07T11:56:12","modified_gmt":"2021-07-07T15:56:12","slug":"maroc-israel-consultations-politiques-a-rabat","status":"publish","type":"post","link":"https:\/\/linitiative.ca\/International\/maroc-israel-consultations-politiques-a-rabat\/","title":{"rendered":"Maroc &#8211; Isra\u00ebl: Consultations politiques \u00e0 Rabat"},"content":{"rendered":"<div>\n<div class=\"field field-name-body field-type-text-with-summary field-label-hidden\">\n<div class=\"field-items\">\n<div class=\"field-item even\" property=\"content:encoded\">\n<p class=\"rtejustify\">L&rsquo;ambassadeur, Directeur g\u00e9n\u00e9ral des Affaires politiques au minist\u00e8re des Affaires \u00e9trang\u00e8res, de la Coop\u00e9ration africaine et des Marocains r\u00e9sidant \u00e0 l\u2019\u00e9tranger, Fouad Yazourh, a eu, mercredi \u00e0 Rabat, un entretien avec le Directeur g\u00e9n\u00e9ral du minist\u00e8re isra\u00e9lien des Affaires \u00e9trang\u00e8res, Alon Ushpiz, en visite de travail au Maroc \u00e0 la t\u00eate d&rsquo;une d\u00e9l\u00e9gation de son pays.<\/p>\n<\/div>\n<\/div>\n<\/div>\n<\/div>\n<p>Auteur: hgueye<br \/>\n<a href=\"https:\/\/www.leconomiste.com\/flash-infos\/maroc-israel-consultations-publiques-rabat\">Cliquez ici pour lire l&rsquo;article depuis sa source.<\/a><\/p>\n","protected":false},"excerpt":{"rendered":"<p>L&rsquo;ambassadeur, Directeur g\u00e9n\u00e9ral des Affaires politiques au minist\u00e8re des Affaires \u00e9trang\u00e8res, de la Coop\u00e9ration africaine et des Marocains r\u00e9sidant \u00e0 l\u2019\u00e9tranger, Fouad Yazourh, a eu, mercredi \u00e0 Rabat, un entretien avec le Directeur g\u00e9n\u00e9ral du minist\u00e8re isra\u00e9lien des Affaires \u00e9trang\u00e8res, Alon Ushpiz, en visite de travail au Maroc \u00e0 la t\u00eate d&rsquo;une d\u00e9l\u00e9gation de son [&hellip;]<\/p>\n","protected":false},"author":1763,"featured_media":0,"comment_status":"closed","ping_status":"closed","sticky":false,"template":"","format":"standard","meta":{"fifu_image_url":"","fifu_image_alt":"","footnotes":""},"categories":[78,54],"tags":[],"class_list":["post-120717","post","type-post","status-publish","format-standard","hentry","category-economie","category-maroc"],"_links":{"self":[{"href":"https:\/\/linitiative.ca\/International\/wp-json\/wp\/v2\/posts\/120717","targetHints":{"allow":["GET"]}}],"collection":[{"href":"https:\/\/linitiative.ca\/International\/wp-json\/wp\/v2\/posts"}],"about":[{"href":"https:\/\/linitiative.ca\/International\/wp-json\/wp\/v2\/types\/post"}],"author":[{"embeddable":true,"href":"https:\/\/linitiative.ca\/International\/wp-json\/wp\/v2\/users\/1763"}],"replies":[{"embeddable":true,"href":"https:\/\/linitiative.ca\/International\/wp-json\/wp\/v2\/comments?post=120717"}],"version-history":[{"count":0,"href":"https:\/\/linitiative.ca\/International\/wp-json\/wp\/v2\/posts\/120717\/revisions"}],"wp:attachment":[{"href":"https:\/\/linitiative.ca\/International\/wp-json\/wp\/v2\/media?parent=120717"}],"wp:term":[{"taxonomy":"category","embeddable":true,"href":"https:\/\/linitiative.ca\/International\/wp-json\/wp\/v2\/categories?post=120717"},{"taxonomy":"post_tag","embeddable":true,"href":"https:\/\/linitiative.ca\/International\/wp-json\/wp\/v2\/tags?post=120717"}],"curies":[{"name":"wp","href":"https:\/\/api.w.org\/{rel}","templated":true}]}}