{"id":120719,"date":"2021-07-07T12:20:48","date_gmt":"2021-07-07T16:20:48","guid":{"rendered":"https:\/\/linitiative.ca\/International\/des-etablissements-de-formation-hoteliere-passent-sous-la-tutelle-de-leducation-nationale\/"},"modified":"2021-07-07T12:20:48","modified_gmt":"2021-07-07T16:20:48","slug":"des-etablissements-de-formation-hoteliere-passent-sous-la-tutelle-de-leducation-nationale","status":"publish","type":"post","link":"https:\/\/linitiative.ca\/International\/des-etablissements-de-formation-hoteliere-passent-sous-la-tutelle-de-leducation-nationale\/","title":{"rendered":"Des \u00e9tablissements de formation h\u00f4teli\u00e8re passent sous la tutelle de l&rsquo;Education nationale"},"content":{"rendered":"<div>\n<div class=\"field field-name-body field-type-text-with-summary field-label-hidden\">\n<div class=\"field-items\">\n<div class=\"field-item even\" property=\"content:encoded\">\n<p class=\"rtejustify\">Certains \u00e9tablissements de formation h\u00f4teli\u00e8re et touristique passent sous la tutelle du minist\u00e8re de l&rsquo;Education nationale. Cette d\u00e9cision a \u00e9t\u00e9 publi\u00e9e au B.O avec la liste des \u00e9tablissements de formation concern\u00e9s. Il s&rsquo;agit au total de 12 instituts et centres de formation.<\/p>\n<p class=\"rtejustify\">\u00a0<\/p>\n<\/div>\n<\/div>\n<\/div>\n<\/div>\n<p>Auteur: hgueye<br \/>\n<a href=\"https:\/\/www.leconomiste.com\/flash-infos\/des-etablissements-de-formation-hoteliere-passent-sous-la-tutelle-de-l-education\">Cliquez ici pour lire l&rsquo;article depuis sa source.<\/a><\/p>\n","protected":false},"excerpt":{"rendered":"<p>Certains \u00e9tablissements de formation h\u00f4teli\u00e8re et touristique passent sous la tutelle du minist\u00e8re de l&rsquo;Education nationale. Cette d\u00e9cision a \u00e9t\u00e9 publi\u00e9e au B.O avec la liste des \u00e9tablissements de formation concern\u00e9s. Il s&rsquo;agit au total de 12 instituts et centres de formation. \u00a0 Auteur: hgueye Cliquez ici pour lire l&rsquo;article depuis sa source.<\/p>\n","protected":false},"author":1763,"featured_media":0,"comment_status":"closed","ping_status":"closed","sticky":false,"template":"","format":"standard","meta":{"fifu_image_url":"","fifu_image_alt":"","footnotes":""},"categories":[78,54],"tags":[],"class_list":["post-120719","post","type-post","status-publish","format-standard","hentry","category-economie","category-maroc"],"_links":{"self":[{"href":"https:\/\/linitiative.ca\/International\/wp-json\/wp\/v2\/posts\/120719","targetHints":{"allow":["GET"]}}],"collection":[{"href":"https:\/\/linitiative.ca\/International\/wp-json\/wp\/v2\/posts"}],"about":[{"href":"https:\/\/linitiative.ca\/International\/wp-json\/wp\/v2\/types\/post"}],"author":[{"embeddable":true,"href":"https:\/\/linitiative.ca\/International\/wp-json\/wp\/v2\/users\/1763"}],"replies":[{"embeddable":true,"href":"https:\/\/linitiative.ca\/International\/wp-json\/wp\/v2\/comments?post=120719"}],"version-history":[{"count":0,"href":"https:\/\/linitiative.ca\/International\/wp-json\/wp\/v2\/posts\/120719\/revisions"}],"wp:attachment":[{"href":"https:\/\/linitiative.ca\/International\/wp-json\/wp\/v2\/media?parent=120719"}],"wp:term":[{"taxonomy":"category","embeddable":true,"href":"https:\/\/linitiative.ca\/International\/wp-json\/wp\/v2\/categories?post=120719"},{"taxonomy":"post_tag","embeddable":true,"href":"https:\/\/linitiative.ca\/International\/wp-json\/wp\/v2\/tags?post=120719"}],"curies":[{"name":"wp","href":"https:\/\/api.w.org\/{rel}","templated":true}]}}