{"id":120722,"date":"2021-07-07T11:30:00","date_gmt":"2021-07-07T15:30:00","guid":{"rendered":"https:\/\/linitiative.ca\/International\/psg-pochettino-sort-de-son-silence\/"},"modified":"2021-07-07T11:30:00","modified_gmt":"2021-07-07T15:30:00","slug":"psg-pochettino-sort-de-son-silence","status":"publish","type":"post","link":"https:\/\/linitiative.ca\/International\/psg-pochettino-sort-de-son-silence\/","title":{"rendered":"PSG : Pochettino sort de son silence"},"content":{"rendered":"<div>En quelques mots, l\u2019entra\u00eeneur du PSG Mauricio Pochettino a r\u00e9pondu aux rumeurs l\u2019annon\u00e7ant sur le d\u00e9part d\u00e8s cet \u00e9t\u00e9.<img loading=\"lazy\" decoding=\"async\" src=\"http:\/\/feeds.feedburner.com\/~r\/GalerieFArtciles\/~4\/4RyK06vLBys\" height=\"1\" width=\"1\" alt=\"\"><\/div>\n<p>Auteur:<br \/>\n<a href=\"http:\/\/www.lebuteur.com\/article\/detail?titre=psg-pochettino-sort-de-son-silence&#038;id=100571&#038;utm_source=feedburner&#038;utm_medium=feed&#038;utm_campaign=Feed%3A+GalerieFArtciles+%28Les+derniers+articles++-+lebuteur.com%29\">Cliquez ici pour lire l&rsquo;article depuis sa source.<\/a><\/p>\n","protected":false},"excerpt":{"rendered":"<p>En quelques mots, l\u2019entra\u00eeneur du PSG Mauricio Pochettino a r\u00e9pondu aux rumeurs l\u2019annon\u00e7ant sur le d\u00e9part d\u00e8s cet \u00e9t\u00e9. Auteur: Cliquez ici pour lire l&rsquo;article depuis sa source.<\/p>\n","protected":false},"author":1738,"featured_media":0,"comment_status":"closed","ping_status":"closed","sticky":false,"template":"","format":"standard","meta":{"fifu_image_url":"http:\/\/feeds.feedburner.com\/~r\/GalerieFArtciles\/~4\/4RyK06vLBys","fifu_image_alt":"PSG : Pochettino sort de son silence","footnotes":""},"categories":[53,75],"tags":[],"class_list":["post-120722","post","type-post","status-publish","format-standard","hentry","category-algerie","category-sport"],"_links":{"self":[{"href":"https:\/\/linitiative.ca\/International\/wp-json\/wp\/v2\/posts\/120722","targetHints":{"allow":["GET"]}}],"collection":[{"href":"https:\/\/linitiative.ca\/International\/wp-json\/wp\/v2\/posts"}],"about":[{"href":"https:\/\/linitiative.ca\/International\/wp-json\/wp\/v2\/types\/post"}],"author":[{"embeddable":true,"href":"https:\/\/linitiative.ca\/International\/wp-json\/wp\/v2\/users\/1738"}],"replies":[{"embeddable":true,"href":"https:\/\/linitiative.ca\/International\/wp-json\/wp\/v2\/comments?post=120722"}],"version-history":[{"count":0,"href":"https:\/\/linitiative.ca\/International\/wp-json\/wp\/v2\/posts\/120722\/revisions"}],"wp:attachment":[{"href":"https:\/\/linitiative.ca\/International\/wp-json\/wp\/v2\/media?parent=120722"}],"wp:term":[{"taxonomy":"category","embeddable":true,"href":"https:\/\/linitiative.ca\/International\/wp-json\/wp\/v2\/categories?post=120722"},{"taxonomy":"post_tag","embeddable":true,"href":"https:\/\/linitiative.ca\/International\/wp-json\/wp\/v2\/tags?post=120722"}],"curies":[{"name":"wp","href":"https:\/\/api.w.org\/{rel}","templated":true}]}}