{"id":120723,"date":"2021-07-07T10:41:29","date_gmt":"2021-07-07T14:41:29","guid":{"rendered":"https:\/\/linitiative.ca\/International\/intoxication-et-malaises-sur-une-plage-de-tenes-une-forte-concentration-en-chlore-desinfectant-a-lorigine-de-lincident\/"},"modified":"2021-07-07T10:41:29","modified_gmt":"2021-07-07T14:41:29","slug":"intoxication-et-malaises-sur-une-plage-de-tenes-une-forte-concentration-en-chlore-desinfectant-a-lorigine-de-lincident","status":"publish","type":"post","link":"https:\/\/linitiative.ca\/International\/intoxication-et-malaises-sur-une-plage-de-tenes-une-forte-concentration-en-chlore-desinfectant-a-lorigine-de-lincident\/","title":{"rendered":"Intoxication et malaises sur une plage de T\u00e9n\u00e8s : Une forte concentration en chlore d\u00e9sinfectant \u00e0 l\u2019origine de l\u2019incident"},"content":{"rendered":"<div>\n<div class=\"sriret\"><img decoding=\"async\" src=\"https:\/\/linitiative.ca\/International\/wp-content\/uploads\/sites\/23\/2021\/07\/default-picture-709x366_c-2.jpg\"><\/div>\n<p><strong><em>Le minist\u00e8re de l\u2019Int\u00e9rieur, des Collectivit\u00e9s locales et de l\u2019Am\u00e9nagement du territoire a r\u00e9v\u00e9l\u00e9 que les analyses men\u00e9es sur des pr\u00e9l\u00e8vements d\u2019\u00e9chantillons d\u2019eau de mer d\u2019une plage de la commune de T\u00e9n\u00e8s (wilaya de Chlef) suite \u00e0 l\u2019intoxication et aux malaises ressentis par des estivants ont prouv\u00e9 sa concentration en chlore d\u00e9sinfectant, a indiqu\u00e9 mercredi 7 juillet un communiqu\u00e9 du minist\u00e8re.<\/em> <\/strong><\/p>\n<p>\u00ab\u00a0Sur la base des r\u00e9sultats des enqu\u00eates biologiques men\u00e9es suite aux cas d\u2019intoxication enregistr\u00e9s sur une plage de la commune de T\u00e9n\u00e8s, relevant territorialement de la wilaya de Chlef, le minist\u00e8re de l\u2019Int\u00e9rieur, des Collectivit\u00e9s locales et de l\u2019Am\u00e9nagement du territoire informe l\u2019opinion publique que les r\u00e9sultats des analyses men\u00e9es sur des pr\u00e9l\u00e8vements d\u2019\u00e9chantillons d\u2019eau de mer de cette plage ont prouv\u00e9 sa concentration en chlore d\u00e9sinfectant, due \u00e0 l\u2019utilisation intensive de cette substance par les services de la commune dans le cadre du traitement des eaux de Oued Boufssoussa qui d\u00e9verse dans la mer, dans le cadre de l\u2019entretien de l\u2019environnement et de la pr\u00e9vention contre les maladies \u00e0 transmission hydrique\u00a0\u00bb.<\/p>\n<p>Le minist\u00e8re a rappel\u00e9 que toutes les victimes se sont r\u00e9tablies, soulignant que les autorit\u00e9s locales ont pris toutes les mesures pr\u00e9ventives pour s\u2019assurer de la salubrit\u00e9 des eaux et garantir la s\u00e9curit\u00e9 des estivants, avant l\u2019ouverture imminente de la plage, ajoute-t-on de m\u00eame source.<\/p>\n<p>Dimanche dernier, 193 estivants ont \u00e9t\u00e9 victimes de malaises sur une plage de T\u00e9n\u00e8s pr\u00e9sentant entre autres sympt\u00f4mes une forte toux, une rougeur des yeux et des difficult\u00e9s respiratoires, ce qui a n\u00e9cessit\u00e9 leur \u00e9vacuation \u00e0 l\u2019h\u00f4pital.<\/p>\n<p>Le responsable de la pr\u00e9vention \u00e0 la Direction locale de la Sant\u00e9 et de la Population (DSP) de la wilaya de Chlef, a affirm\u00e9 que toutes les victimes ont quitt\u00e9 l\u2019h\u00f4pital \u00e0 l\u2019exception de 7 qui ont pass\u00e9 la nuit et sont rentr\u00e9s chez eux lundi matin apr\u00e8s avoir re\u00e7u les soins n\u00e9cessaires.<\/p>\n<p style=\"text-align: right;\"><strong><em>APS<\/em><\/strong><\/p>\n<p>L\u2019article <a rel=\"nofollow\" href=\"https:\/\/www.elwatan.com\/edition\/actualite\/intoxication-et-malaises-sur-une-plage-de-tenes-une-forte-concentration-en-chlore-desinfectant-a-lorigine-de-lincident-07-07-2021\">Intoxication et malaises sur une plage de T\u00e9n\u00e8s : Une forte concentration en chlore d\u00e9sinfectant \u00e0 l\u2019origine de l\u2019incident<\/a> est apparu en premier sur <a rel=\"nofollow\" href=\"https:\/\/www.elwatan.com\/\">El Watan<\/a>.<\/p>\n<\/div>\n<p>Auteur: Mohand Yahiaoui<br \/>\n<a href=\"https:\/\/www.elwatan.com\/edition\/actualite\/intoxication-et-malaises-sur-une-plage-de-tenes-une-forte-concentration-en-chlore-desinfectant-a-lorigine-de-lincident-07-07-2021\">Cliquez ici pour lire l&rsquo;article depuis sa source.<\/a><\/p>\n","protected":false},"excerpt":{"rendered":"<p>Le minist\u00e8re de l\u2019Int\u00e9rieur, des Collectivit\u00e9s locales et de l\u2019Am\u00e9nagement du territoire a r\u00e9v\u00e9l\u00e9 que les analyses men\u00e9es sur des pr\u00e9l\u00e8vements d\u2019\u00e9chantillons d\u2019eau de mer d\u2019une plage de la commune de T\u00e9n\u00e8s (wilaya de Chlef) suite \u00e0 l\u2019intoxication et aux malaises ressentis par des estivants ont prouv\u00e9 sa concentration en chlore d\u00e9sinfectant, a indiqu\u00e9 mercredi [&hellip;]<\/p>\n","protected":false},"author":1743,"featured_media":0,"comment_status":"closed","ping_status":"closed","sticky":false,"template":"","format":"standard","meta":{"fifu_image_url":"https:\/\/www.elwatan.com\/wp-content\/themes\/spectr\/img\/default-picture-709x366_c.jpg","fifu_image_alt":"Intoxication et malaises sur une plage de T\u00e9n\u00e8s : Une forte concentration en chlore d\u00e9sinfectant \u00e0 l\u2019origine de l\u2019incident","footnotes":""},"categories":[73,53],"tags":[],"class_list":["post-120723","post","type-post","status-publish","format-standard","hentry","category-actualite","category-algerie"],"_links":{"self":[{"href":"https:\/\/linitiative.ca\/International\/wp-json\/wp\/v2\/posts\/120723","targetHints":{"allow":["GET"]}}],"collection":[{"href":"https:\/\/linitiative.ca\/International\/wp-json\/wp\/v2\/posts"}],"about":[{"href":"https:\/\/linitiative.ca\/International\/wp-json\/wp\/v2\/types\/post"}],"author":[{"embeddable":true,"href":"https:\/\/linitiative.ca\/International\/wp-json\/wp\/v2\/users\/1743"}],"replies":[{"embeddable":true,"href":"https:\/\/linitiative.ca\/International\/wp-json\/wp\/v2\/comments?post=120723"}],"version-history":[{"count":0,"href":"https:\/\/linitiative.ca\/International\/wp-json\/wp\/v2\/posts\/120723\/revisions"}],"wp:attachment":[{"href":"https:\/\/linitiative.ca\/International\/wp-json\/wp\/v2\/media?parent=120723"}],"wp:term":[{"taxonomy":"category","embeddable":true,"href":"https:\/\/linitiative.ca\/International\/wp-json\/wp\/v2\/categories?post=120723"},{"taxonomy":"post_tag","embeddable":true,"href":"https:\/\/linitiative.ca\/International\/wp-json\/wp\/v2\/tags?post=120723"}],"curies":[{"name":"wp","href":"https:\/\/api.w.org\/{rel}","templated":true}]}}