{"id":120725,"date":"2021-07-07T10:45:13","date_gmt":"2021-07-07T14:45:13","guid":{"rendered":"https:\/\/linitiative.ca\/International\/meteorologie-baisse-des-temperatures-dans-les-regions-centre-nord-et-est-a-partir-de-jeudi\/"},"modified":"2021-07-07T10:45:13","modified_gmt":"2021-07-07T14:45:13","slug":"meteorologie-baisse-des-temperatures-dans-les-regions-centre-nord-et-est-a-partir-de-jeudi","status":"publish","type":"post","link":"https:\/\/linitiative.ca\/International\/meteorologie-baisse-des-temperatures-dans-les-regions-centre-nord-et-est-a-partir-de-jeudi\/","title":{"rendered":"M\u00e9t\u00e9orologie : Baisse des temp\u00e9ratures dans les r\u00e9gions Centre-nord et Est \u00e0 partir de jeudi"},"content":{"rendered":"<div>\n<div class=\"sriret\"><img loading=\"lazy\" decoding=\"async\" width=\"580\" height=\"350\" src=\"https:\/\/linitiative.ca\/International\/wp-content\/uploads\/sites\/23\/2021\/07\/livre-BLANC-DR.jpg\" class=\"attachment-featured_large size-featured_large wp-post-image\" alt=\"\" style=\"margin-bottom: 15px;\" srcset=\"https:\/\/linitiative.ca\/International\/wp-content\/uploads\/sites\/23\/2021\/07\/livre-BLANC-DR.jpg 580w, https:\/\/www.elwatan.com\/wp-content\/uploads\/2021\/03\/livre-BLANC-DR-300x181.jpg 300w\" sizes=\"auto, (max-width: 580px) 100vw, 580px\"><\/div>\n<p><em><strong>Les r\u00e9gions c\u00f4ti\u00e8res et centre Est du pays devront connaitre d\u00e8s demain jeudi une baisse des temp\u00e9ratures caus\u00e9e par un l\u00e9ger changement des masses d\u2019air, ses les pr\u00e9visions de l\u2019Office national de la m\u00e9t\u00e9orologie (ONM).<\/strong> <\/em><\/p>\n<p>Les services de la m\u00e9t\u00e9orologie pr\u00e9voient \u00ab\u00a0une baisse l\u00e9g\u00e8re\u00a0\u00bb des temp\u00e9ratures maximales, notamment dans les r\u00e9gions Est du pays en atteignant 28, de m\u00eame pour les r\u00e9gions de l\u2019int\u00e9rieur du pays o\u00f9 le mercure oscillera entre 34et 35C , au niveau des wilayas de M\u2019sila, Batna et Oum El Bouaghi, et 28C uniquement \u00e0 Guelma, a pr\u00e9cis\u00e9 \u00e0 l\u2019APS la charg\u00e9e de communication de l\u2019Office national de la m\u00e9t\u00e9orologie (ONM), Houaria Benrekta.<\/p>\n<p>Il fera \u00e9galement moins chaud dans certaines r\u00e9gions du Centre, \u00e0 savoir Alger et Boumerdes, o\u00f9 la temp\u00e9rature atteindra 28C, avec un taux d\u2019humidit\u00e9 \u00e9lev\u00e9, selon la m\u00eame responsable qui a fait observer qu&rsquo;\u00a0\u00bbaucune temp\u00e9rature record n\u2019a \u00e9t\u00e9 enregistr\u00e9e, \u00e0 ce jour, dans le Nord\u00a0\u00bb.<\/p>\n<p>S\u2019agissant des r\u00e9gions du Sud, Mme Benrekta a indiqu\u00e9 que les masses d\u2019air chaudes restent \u00e0 l\u2019origine de la hausse des temp\u00e9ratures, pr\u00e9cisant que le mercure dans les wilayas d\u2019Adrar, Timimoune, In Salah, Ouargla et Bordj Badji Mokhtar devrait atteindre 49C \u00e0 l\u2019ombre.<\/p>\n<p>Selon Mme. Benrakta, les r\u00e9gions du nord connaitront, \u00e0 partir de vendredi \u00e0 dimanche, \u00ab\u00a0un taux \u00e9lev\u00e9 d\u2019humidit\u00e9 avec un ciel relativement nuageux, outre des orages isol\u00e9s en intermittence sur les r\u00e9gions int\u00e9rieures, les altitudes et les Aur\u00e8s.<\/p>\n<p>Le climat demeura \u00ab\u00a0relativement chaud\u00a0\u00bb au niveau des r\u00e9gions int\u00e9rieures ouest et du centre o\u00f9 les temp\u00e9ratures oscilleront entre 36C et 42C et entre 28C et 34C \u00e0 l\u2019ombre dans les r\u00e9gions c\u00f4ti\u00e8res, a poursuivi Mme. Benrakta.<\/p>\n<p>Concernant les pr\u00e9visions climatiques pour les r\u00e9gions sud durant la m\u00eame p\u00e9riode, la responsable a indiqu\u00e9 que le ciel sera d\u00e9gag\u00e9 en g\u00e9n\u00e9ral avec d\u00e9veloppement de quelques cellules orageuses isol\u00e9es dans l\u2019extr\u00eame sud, soulignant la chaleur qui marquera les oasis, le Sahara et l\u2019extr\u00eame sud avec une temp\u00e9ratures avoisinant les 48C et oscillant entre 34C et 38C\u00e0 El Hoggar et Tassili.<\/p>\n<p>\u00ab\u00a0Les r\u00e9gions c\u00f4ti\u00e8res n\u2019ont pas encore atteint les 40C\u00e0 l\u2019ombre soit le deuxi\u00e8me degr\u00e9 d\u2019alerte\u00a0\u00bb, a-t-elle fait savoir, ajoutant qu\u2019une temp\u00e9rature de 50C a \u00e9t\u00e9 enregistr\u00e9e \u00e0 Ouargla, 49C\u00e0 Adrar et Ain Salah et 48C \u00e0 Tindouf.<\/p>\n<p>En juillet 2018, les r\u00e9gions sud ont connu 18 jours de canicule, a rappel\u00e9 Mme. Benrakta, ajoutant qu\u2019une temp\u00e9rature de 51.3C \u00e0 l\u2019ombre avait \u00e9t\u00e9 enregistr\u00e9e \u00e0 Ouargla.<\/p>\n<p style=\"text-align: right;\"><strong><em>APS<\/em><\/strong><\/p>\n<p>L\u2019article <a rel=\"nofollow\" href=\"https:\/\/www.elwatan.com\/edition\/actualite\/meteorologie-baisse-des-temperatures-dans-les-regions-centre-nord-et-est-a-partir-de-jeudi-07-07-2021\">M\u00e9t\u00e9orologie : Baisse des temp\u00e9ratures dans les r\u00e9gions Centre-nord et Est \u00e0 partir de jeudi<\/a> est apparu en premier sur <a rel=\"nofollow\" href=\"https:\/\/www.elwatan.com\/\">El Watan<\/a>.<\/p>\n<\/div>\n<p>Auteur: Mohand Yahiaoui<br \/>\n<a href=\"https:\/\/www.elwatan.com\/edition\/actualite\/meteorologie-baisse-des-temperatures-dans-les-regions-centre-nord-et-est-a-partir-de-jeudi-07-07-2021\">Cliquez ici pour lire l&rsquo;article depuis sa source.<\/a><\/p>\n","protected":false},"excerpt":{"rendered":"<p>Les r\u00e9gions c\u00f4ti\u00e8res et centre Est du pays devront connaitre d\u00e8s demain jeudi une baisse des temp\u00e9ratures caus\u00e9e par un l\u00e9ger changement des masses d\u2019air, ses les pr\u00e9visions de l\u2019Office national de la m\u00e9t\u00e9orologie (ONM). Les services de la m\u00e9t\u00e9orologie pr\u00e9voient \u00ab\u00a0une baisse l\u00e9g\u00e8re\u00a0\u00bb des temp\u00e9ratures maximales, notamment dans les r\u00e9gions Est du pays en [&hellip;]<\/p>\n","protected":false},"author":1743,"featured_media":0,"comment_status":"closed","ping_status":"closed","sticky":false,"template":"","format":"standard","meta":{"fifu_image_url":"https:\/\/www.elwatan.com\/wp-content\/uploads\/2021\/03\/livre-BLANC-DR.jpg","fifu_image_alt":"M\u00e9t\u00e9orologie : Baisse des temp\u00e9ratures dans les r\u00e9gions Centre-nord et Est \u00e0 partir de jeudi","footnotes":""},"categories":[73,53],"tags":[],"class_list":["post-120725","post","type-post","status-publish","format-standard","hentry","category-actualite","category-algerie"],"_links":{"self":[{"href":"https:\/\/linitiative.ca\/International\/wp-json\/wp\/v2\/posts\/120725","targetHints":{"allow":["GET"]}}],"collection":[{"href":"https:\/\/linitiative.ca\/International\/wp-json\/wp\/v2\/posts"}],"about":[{"href":"https:\/\/linitiative.ca\/International\/wp-json\/wp\/v2\/types\/post"}],"author":[{"embeddable":true,"href":"https:\/\/linitiative.ca\/International\/wp-json\/wp\/v2\/users\/1743"}],"replies":[{"embeddable":true,"href":"https:\/\/linitiative.ca\/International\/wp-json\/wp\/v2\/comments?post=120725"}],"version-history":[{"count":0,"href":"https:\/\/linitiative.ca\/International\/wp-json\/wp\/v2\/posts\/120725\/revisions"}],"wp:attachment":[{"href":"https:\/\/linitiative.ca\/International\/wp-json\/wp\/v2\/media?parent=120725"}],"wp:term":[{"taxonomy":"category","embeddable":true,"href":"https:\/\/linitiative.ca\/International\/wp-json\/wp\/v2\/categories?post=120725"},{"taxonomy":"post_tag","embeddable":true,"href":"https:\/\/linitiative.ca\/International\/wp-json\/wp\/v2\/tags?post=120725"}],"curies":[{"name":"wp","href":"https:\/\/api.w.org\/{rel}","templated":true}]}}