{"id":120727,"date":"2021-07-07T11:42:08","date_gmt":"2021-07-07T15:42:08","guid":{"rendered":"https:\/\/linitiative.ca\/International\/conference-de-presse-de-takfarinas-a-tizi-ouzou-je-veux-realiser-un-projet-culturel-en-algerie-mais\/"},"modified":"2021-07-07T11:42:08","modified_gmt":"2021-07-07T15:42:08","slug":"conference-de-presse-de-takfarinas-a-tizi-ouzou-je-veux-realiser-un-projet-culturel-en-algerie-mais","status":"publish","type":"post","link":"https:\/\/linitiative.ca\/International\/conference-de-presse-de-takfarinas-a-tizi-ouzou-je-veux-realiser-un-projet-culturel-en-algerie-mais\/","title":{"rendered":"Conf\u00e9rence de presse de Takfarinas \u00e0 Tizi Ouzou : \u00abJe veux\u00a0 r\u00e9aliser un projet culturel en Alg\u00e9rie, mais\u2026\u00bb"},"content":{"rendered":"<div>\n<div class=\"sriret\"><img loading=\"lazy\" decoding=\"async\" width=\"450\" height=\"698\" src=\"https:\/\/linitiative.ca\/International\/wp-content\/uploads\/sites\/23\/2021\/07\/Takfarinas-mardi-aCC80-Tizi-Ouzou....jpg\" class=\"attachment-featured_large size-featured_large wp-post-image\" alt=\"\" style=\"margin-bottom: 15px;\" srcset=\"https:\/\/linitiative.ca\/International\/wp-content\/uploads\/sites\/23\/2021\/07\/Takfarinas-mardi-aCC80-Tizi-Ouzou....jpg 450w, https:\/\/www.elwatan.com\/wp-content\/uploads\/2021\/07\/Takfarinas-mardi-a\u0300-Tizi-Ouzou...-193x300.jpg 193w\" sizes=\"auto, (max-width: 450px) 100vw, 450px\"><\/div>\n<p>Le roi de la \u00ab Yal Music \u00bb\u00a0 souligne que son nouvel album a enregistr\u00e9 une tr\u00e8s bonne r\u00e9ception \u00e0 travers plusieurs pays du monde. Le m\u00eame artiste a \u00e9voqu\u00e9 \u00e9galement les obstacles qui l\u2019ont emp\u00each\u00e9 de se produire en Alg\u00e9rie.<\/p>\n<p>\u00a0<\/p>\n<p>La veille de son d\u00e9part au B\u00e9nin pour accompagner la JSK qui s\u2019est envol\u00e9e, aujourd\u2019hui, pour le Cotonou \u00e0 l\u2019occasion de la finale de la coupe d\u2019Afrique, le chanteur Takfarinas a anim\u00e9 une conf\u00e9rence de presse, mardi 6 juillet, \u00e0 l\u2019h\u00f4tel le Relais Vert de Oued Aissi, \u00e0 Tizi Ouzou. Durant cette rencontre avec les journalistes, l\u2019artiste est revenu sur son nouvel album comme il a \u00e9galement parl\u00e9 des obstacles qui l\u2019ont emp\u00each\u00e9 de se produire en Alg\u00e9rie. Mon album \u00abUl-iw tayri \u00bb (Mon c\u0153ur, c\u2019est l\u2019amour) devait sortir en 2019 mais avec le hirak, j\u2019ai repouss\u00e9e sa sortie d\u2019une ann\u00e9e. En 2020, il n\u2019\u00e9tait pas possible aussi de le mettre sur le march\u00e9 en raison de la pand\u00e9mie du coronavirus. C\u2019est pour cela qu\u2019il est sorti en 2021 co\u00efncidant avec l\u2019ascension de la JSK \u00e0 laquelle j\u2019ai consacr\u00e9 une chanson. On veut aider ce club l\u00e9gendaire \u00bb, a-t-il d\u00e9clar\u00e9 tout en pr\u00e9cisant que dans ce nouveau produit, il a essay\u00e9 de faire\u00a0 participer beaucoup d\u2019Alg\u00e9riens, \u00e0 l\u2019image de Celia Ould Mohand. \u00ab C\u2019est une jeune chanteuse\u00a0 que j\u2019admire beaucoup pour son talent qui plaide vraiment pour un avenir prometteur. Tout mon staff est alg\u00e9rien. Je veux ramener du nouveau pour mon pays car, c\u2019est mon peuple qui m\u2019a encourag\u00e9 \u00e0 aller de l\u2019avant. Je reviens en Alg\u00e9rie pour me ressourcer parce que je m\u2019inspire souvent des r\u00e9alit\u00e9s de mon pays m\u00eame si la Yal music est un style universel qui a des diff\u00e9rents niveaux de compr\u00e9hension.\u00a0 Le public est mon \u00e2me \u00bb, a-t-il ajout\u00e9. Takfarinas\u00a0 souligne \u00e9galement que dans ses chansons, il s\u2019adresse, en premier lieu, au public alg\u00e9rien. Puis, aux autres peuples du monde qui sont envo\u00fbt\u00e9s par ses musiques.<\/p>\n<p>\u00ab Je fais de la musique universelle l\u00e0 o\u00f9 il y a de la belle rythmique et des sons magnifiques. Mes chansons sont traduites en fran\u00e7ais et en Anglais. Mon nouvel album est vendu \u00e0 travers plusieurs pays de la plan\u00e8te. Il est sur toutes les plateformes. Il est, d\u2019ailleurs en rupture de stock, notamment en France, en Suisse, en Belgique, au Japon et en\u00a0 Inde. Il a eu une bonne r\u00e9ception. Je suis vraiment satisfait. D\u2019ailleurs, je tiens \u00e0 remercier tous mes musiciens et tous ceux qui ont contribu\u00e9 dans ce travail colossal, notamment la touche d\u2019Abdelghani Tourki qui est, faut-il le souligner, le 2e Alg\u00e9rien \u00e0 avoir ouvert un studio priv\u00e9 en France, apr\u00e8s Mahboubati \u00bb, a-t-il confi\u00e9. Interrog\u00e9 sur les raisons du changement\u00a0 de la forme de sa\u00a0 guitare alors qu\u2019il est connu avec celle \u00e0 deux manches, Takfarinas estime que son nouvel instrument est compatible avec l\u2019\u00e9volution des sonorit\u00e9s. \u00ab La forme d\u2019un c\u0153ur exprime mon\u00a0 attachement \u00e0 mon public\u00a0 et \u00e0 mes\u00a0 origines. Aussi,\u00a0 c\u2019est un instrument compatible. Il a plusieurs sonorit\u00e9s qui refl\u00e8tent celles d\u2019une mandole\u00bb, a-t-il expliqu\u00e9<\/p>\n<p>Par ailleurs, le m\u00eame artiste a \u00e9voqu\u00e9 les obstacles qui l\u2019ont emp\u00each\u00e9 de se produire en Alg\u00e9rie. \u00ab Je veux\u00a0 r\u00e9aliser un projet culturel et touristique en Alg\u00e9rie, mais on ne m\u2019a pas laiss\u00e9 \u00bb, a-t-il d\u00e9plor\u00e9 revenant l\u2019histoire de la tourn\u00e9e qu\u2019il devait faire il y a quelques ann\u00e9es. \u00ab Je voulais faire une tourn\u00e9e nationale mais en vain. On m\u2019a donn\u00e9 l\u2019accord de cette tourn\u00e9e. Elle devait \u00eatre organis\u00e9e par le minist\u00e8re de la Culture et celui de la jeunesse et des sports. J\u2019avais commenc\u00e9 les r\u00e9p\u00e9titions avec 45 musiciens que je\u00a0 payais\u00a0 de ma poche, \u00e0 raison de 5000 DA jours chacun. Puis, l\u2019ancien ministre de la culture, Azeddine Mihoubi, m\u2019a exig\u00e9\u00a0 de traiter, pour signer le contrat,\u00a0 avec Mohamed Bentorki, directeur g\u00e9n\u00e9ral de l\u2019Office national de la culture et de l\u2019information (ONCI). Ce dernier a tout fait pour que la tourn\u00e9e soit tomb\u00e9e \u00e0 l\u2019eau. Puis, m\u00eame Mihoubi \u00e9vitait de me recevoir. D\u2019ailleurs, une fois, je l\u2019ai attendu de 09h \u00e0 17h au si\u00e8ge du minist\u00e8re mais sans parvenir \u00e0 le voir. C\u2019\u00e9tait la gal\u00e8re. J\u2019ai d\u00e9pens\u00e9 de mes propres fonds 1, 5 milliards\u00a0 de centimes dans les pr\u00e9parations de cette tourn\u00e9e.<\/p>\n<p>La moiti\u00e9 de cette somme m\u2019a \u00e9t\u00e9 rembours\u00e9e par le MJS quand Ould Ali El Hadi \u00e9tait \u00e0 la t\u00eate de ce d\u00e9partement minist\u00e9riel\u00bb, a-t-il d\u00e9clar\u00e9\u00a0 avant d\u2019ajouter que \u00ab les meilleurs musiciens alg\u00e9riens se distinguent \u00e0 l\u2019\u00e9tranger car, dans notre pays, on n\u2019a pas laiss\u00e9 l\u2019artiste travailler et \u00e9voluer \u00bb. D\u2019autre part, le roi de la \u00ab Yal Music \u00bb a annonc\u00e9, lors de la m\u00eame conf\u00e9rence de presse, que son prochain album sera 100%\u00a0 cha\u00e2bi avec des touches acoustiques modernes.<\/p>\n<p>\u00a0<\/p>\n<p>L\u2019article <a rel=\"nofollow\" href=\"https:\/\/www.elwatan.com\/edition\/culture\/conference-de-presse-de-takfarinas-a-tizi-ouzou-je-veux-realiser-un-projet-culturel-en-algerie-mais%E2%80%A8-07-07-2021\">Conf\u00e9rence de presse de Takfarinas \u00e0 Tizi Ouzou : \u00abJe veux\u00a0 r\u00e9aliser un projet culturel en Alg\u00e9rie, mais\u2026\u00bb<\/a> est apparu en premier sur <a rel=\"nofollow\" href=\"https:\/\/www.elwatan.com\/\">El Watan<\/a>.<\/p>\n<\/div>\n<p>Auteur: Mohand Yahiaoui<br \/>\n<a href=\"https:\/\/www.elwatan.com\/edition\/culture\/conference-de-presse-de-takfarinas-a-tizi-ouzou-je-veux-realiser-un-projet-culturel-en-algerie-mais%E2%80%A8-07-07-2021\">Cliquez ici pour lire l&rsquo;article depuis sa source.<\/a><\/p>\n","protected":false},"excerpt":{"rendered":"<p>Le roi de la \u00ab Yal Music \u00bb\u00a0 souligne que son nouvel album a enregistr\u00e9 une tr\u00e8s bonne r\u00e9ception \u00e0 travers plusieurs pays du monde. Le m\u00eame artiste a \u00e9voqu\u00e9 \u00e9galement les obstacles qui l\u2019ont emp\u00each\u00e9 de se produire en Alg\u00e9rie. \u00a0 La veille de son d\u00e9part au B\u00e9nin pour accompagner la JSK qui s\u2019est [&hellip;]<\/p>\n","protected":false},"author":1743,"featured_media":0,"comment_status":"closed","ping_status":"closed","sticky":false,"template":"","format":"standard","meta":{"fifu_image_url":"https:\/\/www.elwatan.com\/wp-content\/uploads\/2021\/07\/Takfarinas-mardi-a\u0300-Tizi-Ouzou....jpg","fifu_image_alt":"Conf\u00e9rence de presse de Takfarinas \u00e0 Tizi Ouzou : \u00abJe veux\u00a0 r\u00e9aliser un projet culturel en Alg\u00e9rie, mais\u2026\u00bb","footnotes":""},"categories":[73,53],"tags":[],"class_list":["post-120727","post","type-post","status-publish","format-standard","hentry","category-actualite","category-algerie"],"_links":{"self":[{"href":"https:\/\/linitiative.ca\/International\/wp-json\/wp\/v2\/posts\/120727","targetHints":{"allow":["GET"]}}],"collection":[{"href":"https:\/\/linitiative.ca\/International\/wp-json\/wp\/v2\/posts"}],"about":[{"href":"https:\/\/linitiative.ca\/International\/wp-json\/wp\/v2\/types\/post"}],"author":[{"embeddable":true,"href":"https:\/\/linitiative.ca\/International\/wp-json\/wp\/v2\/users\/1743"}],"replies":[{"embeddable":true,"href":"https:\/\/linitiative.ca\/International\/wp-json\/wp\/v2\/comments?post=120727"}],"version-history":[{"count":0,"href":"https:\/\/linitiative.ca\/International\/wp-json\/wp\/v2\/posts\/120727\/revisions"}],"wp:attachment":[{"href":"https:\/\/linitiative.ca\/International\/wp-json\/wp\/v2\/media?parent=120727"}],"wp:term":[{"taxonomy":"category","embeddable":true,"href":"https:\/\/linitiative.ca\/International\/wp-json\/wp\/v2\/categories?post=120727"},{"taxonomy":"post_tag","embeddable":true,"href":"https:\/\/linitiative.ca\/International\/wp-json\/wp\/v2\/tags?post=120727"}],"curies":[{"name":"wp","href":"https:\/\/api.w.org\/{rel}","templated":true}]}}