{"id":120729,"date":"2021-07-07T11:45:36","date_gmt":"2021-07-07T15:45:36","guid":{"rendered":"https:\/\/linitiative.ca\/International\/librairie-du-tiers-monde-a-alger-vente-dedicace-de-samy-assad\/"},"modified":"2021-07-07T11:45:36","modified_gmt":"2021-07-07T15:45:36","slug":"librairie-du-tiers-monde-a-alger-vente-dedicace-de-samy-assad","status":"publish","type":"post","link":"https:\/\/linitiative.ca\/International\/librairie-du-tiers-monde-a-alger-vente-dedicace-de-samy-assad\/","title":{"rendered":"Librairie du Tiers-Monde, \u00e0 Alger\u00a0: Vente-d\u00e9dicace de Samy Assad"},"content":{"rendered":"<div>\n<div class=\"sriret\"><img loading=\"lazy\" decoding=\"async\" width=\"800\" height=\"798\" src=\"https:\/\/linitiative.ca\/International\/wp-content\/uploads\/sites\/23\/2021\/07\/Samy_Assad.jpeg\" class=\"attachment-featured_large size-featured_large wp-post-image\" alt=\"Samy Assad\" style=\"margin-bottom: 15px;\" srcset=\"https:\/\/linitiative.ca\/International\/wp-content\/uploads\/sites\/23\/2021\/07\/Samy_Assad.jpeg 800w, https:\/\/www.elwatan.com\/wp-content\/uploads\/2021\/07\/Samy_Assad-150x150.jpeg 150w, https:\/\/www.elwatan.com\/wp-content\/uploads\/2021\/07\/Samy_Assad-300x300.jpeg 300w, https:\/\/www.elwatan.com\/wp-content\/uploads\/2021\/07\/Samy_Assad-768x766.jpeg 768w\" sizes=\"auto, (max-width: 800px) 100vw, 800px\"><\/div>\n<p class=\"p2\"><strong><em>L\u2019auteur Samy Assad signera son nouvel ouvrage intitul\u00e9 \u00ab\u00a0Secondes escapades\u00a0: cheminement d\u2019une grande \u00e2me\u00a0\u00bb paru aux \u00e9ditions Hibr et ce, le samedi 10 juillet \u00e0 14h, \u00e0 la Librairie du Tiers-Monde, place Emie Abdelkader, \u00e0 Alger.<\/em><\/strong><\/p>\n<p class=\"p2\">Samy Assad, n\u00e9 le <span class=\"s1\">31<\/span> <span class=\"s1\">ao\u00fbt<\/span> <span class=\"s1\">1996<\/span> \u00e0 Larbaa Nath Irathen (<span class=\"s1\">Tizi-Ouzou<\/span>), est un auteur alg\u00e9rien d\u2019\u0153uvres philosophiques et po\u00e9tiques, proposant une vision du monde sto\u00efcienne, \u00e9clectique et pragmatique. En janvier 2021, il publie son premier livre <i>Premi\u00e8res p\u00e9r\u00e9grinations, l\u2019apn\u00e9e de l\u2019homme v\u00e9ritable dans un monde \u00e9nergivore<\/i> aux \u00e9ditions Voir Par le Savoir, proposant un programme existentiel \u00e9clectique, centr\u00e9 sur l\u2019introspection et la d\u00e9finition de soi.<\/p>\n<p class=\"p2\">Quelques mois plus tard en mai, sort son deuxi\u00e8me livre <i>Secondes escapades, cheminement d\u2019une grande \u00e2me<\/i> en co\u00e9dition chez les \u00e9ditions Hibr et l\u2019Office national des droits d\u2019auteurs et droits voisins (ONDA), un ouvrage cette fois-ci d\u00e9di\u00e9 au rapport spirituel \u00e0 soi et aux autres.<\/p>\n<p class=\"p2\">Ses livres s\u2019articulent sous forme de recueils d\u2019aphorismes et de r\u00e9cits r\u00e9alistes ou fictifs, avec des textes allant de la conclusion sentencieuse et cat\u00e9gorique, \u00e0 la diatribe ironique, en passant par la mise en sc\u00e8ne parabolique d\u2019animaux ou de personnages humains.<span class=\"Apple-converted-space\">\u00a0 <\/span><\/p>\n<p>L\u2019article <a rel=\"nofollow\" href=\"https:\/\/www.elwatan.com\/edition\/culture\/librairie-du-tiers-monde-a-alger-vente-dedicace-de-samy-assad-07-07-2021\">Librairie du Tiers-Monde, \u00e0 Alger\u00a0: Vente-d\u00e9dicace de Samy Assad<\/a> est apparu en premier sur <a rel=\"nofollow\" href=\"https:\/\/www.elwatan.com\/\">El Watan<\/a>.<\/p>\n<\/div>\n<p>Auteur: Mohand Yahiaoui<br \/>\n<a href=\"https:\/\/www.elwatan.com\/edition\/culture\/librairie-du-tiers-monde-a-alger-vente-dedicace-de-samy-assad-07-07-2021\">Cliquez ici pour lire l&rsquo;article depuis sa source.<\/a><\/p>\n","protected":false},"excerpt":{"rendered":"<p>L\u2019auteur Samy Assad signera son nouvel ouvrage intitul\u00e9 \u00ab\u00a0Secondes escapades\u00a0: cheminement d\u2019une grande \u00e2me\u00a0\u00bb paru aux \u00e9ditions Hibr et ce, le samedi 10 juillet \u00e0 14h, \u00e0 la Librairie du Tiers-Monde, place Emie Abdelkader, \u00e0 Alger. Samy Assad, n\u00e9 le 31 ao\u00fbt 1996 \u00e0 Larbaa Nath Irathen (Tizi-Ouzou), est un auteur alg\u00e9rien d\u2019\u0153uvres philosophiques et [&hellip;]<\/p>\n","protected":false},"author":1743,"featured_media":0,"comment_status":"closed","ping_status":"closed","sticky":false,"template":"","format":"standard","meta":{"fifu_image_url":"https:\/\/www.elwatan.com\/wp-content\/uploads\/2021\/07\/Samy_Assad.jpeg","fifu_image_alt":"Librairie du Tiers-Monde, \u00e0 Alger\u00a0: Vente-d\u00e9dicace de Samy Assad","footnotes":""},"categories":[73,53],"tags":[],"class_list":["post-120729","post","type-post","status-publish","format-standard","hentry","category-actualite","category-algerie"],"_links":{"self":[{"href":"https:\/\/linitiative.ca\/International\/wp-json\/wp\/v2\/posts\/120729","targetHints":{"allow":["GET"]}}],"collection":[{"href":"https:\/\/linitiative.ca\/International\/wp-json\/wp\/v2\/posts"}],"about":[{"href":"https:\/\/linitiative.ca\/International\/wp-json\/wp\/v2\/types\/post"}],"author":[{"embeddable":true,"href":"https:\/\/linitiative.ca\/International\/wp-json\/wp\/v2\/users\/1743"}],"replies":[{"embeddable":true,"href":"https:\/\/linitiative.ca\/International\/wp-json\/wp\/v2\/comments?post=120729"}],"version-history":[{"count":0,"href":"https:\/\/linitiative.ca\/International\/wp-json\/wp\/v2\/posts\/120729\/revisions"}],"wp:attachment":[{"href":"https:\/\/linitiative.ca\/International\/wp-json\/wp\/v2\/media?parent=120729"}],"wp:term":[{"taxonomy":"category","embeddable":true,"href":"https:\/\/linitiative.ca\/International\/wp-json\/wp\/v2\/categories?post=120729"},{"taxonomy":"post_tag","embeddable":true,"href":"https:\/\/linitiative.ca\/International\/wp-json\/wp\/v2\/tags?post=120729"}],"curies":[{"name":"wp","href":"https:\/\/api.w.org\/{rel}","templated":true}]}}