{"id":120731,"date":"2021-07-07T13:19:16","date_gmt":"2021-07-07T17:19:16","guid":{"rendered":"https:\/\/linitiative.ca\/International\/liste-des-membres-du-nouveau-gouvernement-conduit-par-m-benabderrahmane\/"},"modified":"2021-07-07T13:19:16","modified_gmt":"2021-07-07T17:19:16","slug":"liste-des-membres-du-nouveau-gouvernement-conduit-par-m-benabderrahmane","status":"publish","type":"post","link":"https:\/\/linitiative.ca\/International\/liste-des-membres-du-nouveau-gouvernement-conduit-par-m-benabderrahmane\/","title":{"rendered":"Liste des membres du nouveau gouvernement conduit par M. Benabderrahmane\u00a0"},"content":{"rendered":"<div>\n<div class=\"sriret\"><img loading=\"lazy\" decoding=\"async\" width=\"900\" height=\"598\" src=\"https:\/\/linitiative.ca\/International\/wp-content\/uploads\/sites\/23\/2021\/07\/palais-e1624709914565.jpg\" class=\"attachment-featured_large size-featured_large wp-post-image\" alt=\"\" style=\"margin-bottom: 15px;\"><\/div>\n<p>Le pr\u00e9sident de la R\u00e9publique, M. Abdelmadjid Tebboune, a nomm\u00e9 mercredi 7 juillet les membres du nouveau gouvernement conduit par le Premier ministre, A\u00efmene Benabderrahmane, dont voici la liste annonc\u00e9e par le porte-parole de la Pr\u00e9sidence de la R\u00e9publique par int\u00e9rim, Samir Aggoune :<\/p>\n<p>\u2013 <strong>A\u00efmene Benabderrahmane :<\/strong> Premier ministre et ministre des Finances<\/p>\n<p>\u2013 <strong>Ramtane Lamamra :<\/strong> Ministre des Affaires \u00e9trang\u00e8res et de la Communaut\u00e9 nationale \u00e0 l\u2019\u00e9tranger<\/p>\n<p>\u2013 <strong>Kamal Beldjoud :<\/strong> Ministre de l\u2019Int\u00e9rieur, des Collectivit\u00e9s locales et de l\u2019Am\u00e9nagement du Territoire<\/p>\n<p>\u2013 <strong>Abderrachid Tebbi :<\/strong> Ministre de la Justice, garde des Sceaux<\/p>\n<p>\u2013 <strong>Mohamed Arkab :<\/strong> Ministre de l\u2019Energie et des Mines<\/p>\n<p>\u2013 <strong>Ben Attou Ziane :<\/strong> Ministre de la Transition \u00e9nerg\u00e9tique et des Energies renouvelables<\/p>\n<p>\u2013 <strong>La\u00efd Rebigua :<\/strong> Ministre des Moudjahidine et des Ayants-droits<\/p>\n<p>\u2013 <strong>Youcef Belmehdi<\/strong> <strong>:<\/strong> Ministre des Affaires religieuses et des Wakfs<\/p>\n<p>\u2013 <strong>Abdelhakim Belabed<\/strong> <strong>:<\/strong> Ministre de l\u2019Education nationale<\/p>\n<p>\u2013 <strong>Abdelbaki Benziane<\/strong> <strong>:<\/strong> Ministre de l\u2019Enseignement sup\u00e9rieur et de la Recherche scientifique<\/p>\n<p>\u2013 <strong>Yacine Merabi<\/strong> <strong>:<\/strong> Ministre de la Formation et de l\u2019Enseignement professionnels<\/p>\n<p>\u2013 <strong>Wafa Cha\u00e2lal<\/strong> <strong>:<\/strong> Ministre de la Culture et des Arts<\/p>\n<p>\u2013 <strong>Abderezak Sebgag<\/strong> <strong>:<\/strong> Ministre de la Jeunesse et des Sports<\/p>\n<p>\u2013 <strong>Hocine<\/strong> <strong>Charhabil<\/strong> <strong>:<\/strong> Ministre de la Num\u00e9risation et des Statistiques<\/p>\n<p>\u2013 <strong>Karim Bibi Triki<\/strong> <strong>:<\/strong> Ministre de la Poste et des T\u00e9l\u00e9communications<\/p>\n<p>\u2013 <strong>Kaouthar<\/strong> <strong>Krikou<\/strong> <strong>:<\/strong> Ministre de la Solidarit\u00e9 nationale, de la Famille et de la Condition de la femme<\/p>\n<p>\u2013 <strong>Ahmed<\/strong> <strong>Zeghdar<\/strong> <strong>:<\/strong> Ministre de l\u2019Industrie<\/p>\n<p>\u2013 <strong>Abdlehamid<\/strong> <strong>Hamdani<\/strong> <strong>:<\/strong> Ministre de l\u2019Agriculture et du D\u00e9veloppement rural<\/p>\n<p>\u2013 <strong>Mohamed Tarek Belaribi :<\/strong> Ministre de l\u2019Habitat, de l\u2019Urbanisme et de la Ville<\/p>\n<p>\u2013 <strong>Kamel Rezig :<\/strong> Ministre du Commerce et de la Promotion des exportations<\/p>\n<p>\u2013 <strong>Ammar Belhimer :<\/strong> Ministre de la Communication<\/p>\n<p>\u2013 <strong>Kamel Nasri :<\/strong> Ministre des Travaux publics<\/p>\n<p>\u2013 <strong>A\u00efssa Bekka\u00ef :<\/strong> Ministre des Transports<\/p>\n<p>\u2013 <strong>Karim Hasni :<\/strong> Ministre des Ressources en eau et de la S\u00e9curit\u00e9 hydrique<\/p>\n<p>\u2013 <strong>Yacine Hammadi :<\/strong> Ministre du Tourisme et de l\u2019Artisanat<\/p>\n<p>\u2013 <strong>Abderrahmane Benbouzid :<\/strong> Ministre de la Sant\u00e9<\/p>\n<p>\u2013 <strong>Abderrahmane Lahfaya :<\/strong> Ministre du Travail, de l\u2019Emploi et de la S\u00e9curit\u00e9 sociale<\/p>\n<p>\u2013 <strong>Basma Azouar :<\/strong> Ministre des Relations avec le Parlement<\/p>\n<p>\u2013 <strong>Samia Moualfi :<\/strong> Ministre de l\u2019Environnement<\/p>\n<p>\u2013 <strong>Hicham Sofiane Salawatchi :<\/strong> Ministre de la P\u00eache et des productions halieutiques<\/p>\n<p>\u2013 <strong>Abderrahmane Lotfi Djamel Benbahmed :<\/strong> Ministre de l\u2019industrie pharmaceutique<\/p>\n<p>\u2013 <strong>Nassim Dhiafat :<\/strong> Ministre d\u00e9l\u00e9gu\u00e9 aupr\u00e8s du Premier ministre charg\u00e9 de la Micro Entreprise<\/p>\n<p>\u2013 <strong>Yacine El-Mahdi Walid :<\/strong> Ministre d\u00e9l\u00e9gu\u00e9 aupr\u00e8s du Premier ministre charg\u00e9 de l\u2019\u00e9conomie de la connaissance et des startups<\/p>\n<p>\u2013 <strong>Yahia Boukhari :<\/strong> Secr\u00e9taire g\u00e9n\u00e9ral du Gouvernement.<\/p>\n<p>L\u2019article <a rel=\"nofollow\" href=\"https:\/\/www.elwatan.com\/a-la-une\/liste-des-membres-du-nouveau-gouvernement-conduit-par-m-benabderrahmane-07-07-2021\">Liste des membres du nouveau gouvernement conduit par M. Benabderrahmane\u00a0<\/a> est apparu en premier sur <a rel=\"nofollow\" href=\"https:\/\/www.elwatan.com\/\">El Watan<\/a>.<\/p>\n<\/div>\n<p>Auteur: Mohand Yahiaoui<br \/>\n<a href=\"https:\/\/www.elwatan.com\/a-la-une\/liste-des-membres-du-nouveau-gouvernement-conduit-par-m-benabderrahmane-07-07-2021\">Cliquez ici pour lire l&rsquo;article depuis sa source.<\/a><\/p>\n","protected":false},"excerpt":{"rendered":"<p>Le pr\u00e9sident de la R\u00e9publique, M. Abdelmadjid Tebboune, a nomm\u00e9 mercredi 7 juillet les membres du nouveau gouvernement conduit par le Premier ministre, A\u00efmene Benabderrahmane, dont voici la liste annonc\u00e9e par le porte-parole de la Pr\u00e9sidence de la R\u00e9publique par int\u00e9rim, Samir Aggoune : \u2013 A\u00efmene Benabderrahmane : Premier ministre et ministre des Finances \u2013 [&hellip;]<\/p>\n","protected":false},"author":1743,"featured_media":0,"comment_status":"closed","ping_status":"closed","sticky":false,"template":"","format":"standard","meta":{"fifu_image_url":"https:\/\/www.elwatan.com\/wp-content\/uploads\/2021\/06\/palais-e1624709914565.jpg","fifu_image_alt":"Liste des membres du nouveau gouvernement conduit par M. Benabderrahmane\u00a0","footnotes":""},"categories":[73,53],"tags":[],"class_list":["post-120731","post","type-post","status-publish","format-standard","hentry","category-actualite","category-algerie"],"_links":{"self":[{"href":"https:\/\/linitiative.ca\/International\/wp-json\/wp\/v2\/posts\/120731","targetHints":{"allow":["GET"]}}],"collection":[{"href":"https:\/\/linitiative.ca\/International\/wp-json\/wp\/v2\/posts"}],"about":[{"href":"https:\/\/linitiative.ca\/International\/wp-json\/wp\/v2\/types\/post"}],"author":[{"embeddable":true,"href":"https:\/\/linitiative.ca\/International\/wp-json\/wp\/v2\/users\/1743"}],"replies":[{"embeddable":true,"href":"https:\/\/linitiative.ca\/International\/wp-json\/wp\/v2\/comments?post=120731"}],"version-history":[{"count":0,"href":"https:\/\/linitiative.ca\/International\/wp-json\/wp\/v2\/posts\/120731\/revisions"}],"wp:attachment":[{"href":"https:\/\/linitiative.ca\/International\/wp-json\/wp\/v2\/media?parent=120731"}],"wp:term":[{"taxonomy":"category","embeddable":true,"href":"https:\/\/linitiative.ca\/International\/wp-json\/wp\/v2\/categories?post=120731"},{"taxonomy":"post_tag","embeddable":true,"href":"https:\/\/linitiative.ca\/International\/wp-json\/wp\/v2\/tags?post=120731"}],"curies":[{"name":"wp","href":"https:\/\/api.w.org\/{rel}","templated":true}]}}