{"id":120733,"date":"2021-07-07T10:20:00","date_gmt":"2021-07-07T14:20:00","guid":{"rendered":"https:\/\/linitiative.ca\/International\/hommage-a-feu-nejib-berriche-ancien-depute-secretaire-detat-et-maire-de-la-marsa\/"},"modified":"2021-07-07T10:20:00","modified_gmt":"2021-07-07T14:20:00","slug":"hommage-a-feu-nejib-berriche-ancien-depute-secretaire-detat-et-maire-de-la-marsa","status":"publish","type":"post","link":"https:\/\/linitiative.ca\/International\/hommage-a-feu-nejib-berriche-ancien-depute-secretaire-detat-et-maire-de-la-marsa\/","title":{"rendered":"Hommage \u00e0 Feu Nejib Berriche, ancien d\u00e9put\u00e9, secr\u00e9taire d\u2019\u00c9tat et maire de La Marsa"},"content":{"rendered":"<div><img decoding=\"async\" src=\"https:\/\/linitiative.ca\/International\/wp-content\/uploads\/sites\/23\/2021\/07\/1625665659_article.jpg\" alt=\"Hommage \u00e0 Feu Nejib Berriche, ancien d\u00e9put\u00e9, secr\u00e9taire d\u2019\u00c9tat et maire de La Marsa\" align=\"left\">Vendredi 2 juillet 2021, \u00e0 22 heures du soir, le message concis qu&rsquo;on recevait sur nos t\u00e9l\u00e9phones \u00e9tait cruel : N\u00e9jib Berriche ancien d\u00e9put\u00e9, ancien maire de La Marsa et ancien secr\u00e9taire d&rsquo;\u00c9tat au minist\u00e8re de l\u2019\u00c9quipement est d\u00e9c\u00e9d\u00e9. Apr\u00e8s la surprise et la consternation, une tristesse profonde nous envahissait.<br \/>\nCher coll\u00e8gue et cher ami Nejib: Ton combat avec la maladie a \u00e9t\u00e9 de tr\u00e8s courte dur\u00e9e.\u00a0 Une dizaine de jours avant, tu \u00e9tais parmi nous, en bonne sant\u00e9 et plein de vitalit\u00e9.\u00a0 Maudit soit ce Covid19, fl\u00e9au venu de contr\u00e9es lointaines qui s&rsquo;est abattu sur le Monde, et particuli\u00e8rement sur notre Tunisie avec une f\u00e9rocit\u00e9 et une lourdeur in\u00e9gal\u00e9e. &#8230;<\/p>\n<\/div>\n<p>Auteur:<br \/>\n<a href=\"https:\/\/www.leaders.com.tn\/article\/32125-hommage-a-feu-nejib-berriche-ancien-depute-secretaire-d-etat-et-maire-de-la-marsa\">Cliquez ici pour lire l&rsquo;article depuis sa source.<\/a><\/p>\n","protected":false},"excerpt":{"rendered":"<p>Vendredi 2 juillet 2021, \u00e0 22 heures du soir, le message concis qu&rsquo;on recevait sur nos t\u00e9l\u00e9phones \u00e9tait cruel : N\u00e9jib Berriche ancien d\u00e9put\u00e9, ancien maire de La Marsa et ancien secr\u00e9taire d&rsquo;\u00c9tat au minist\u00e8re de l\u2019\u00c9quipement est d\u00e9c\u00e9d\u00e9. Apr\u00e8s la surprise et la consternation, une tristesse profonde nous envahissait. Cher coll\u00e8gue et cher ami [&hellip;]<\/p>\n","protected":false},"author":1772,"featured_media":0,"comment_status":"closed","ping_status":"closed","sticky":false,"template":"","format":"standard","meta":{"fifu_image_url":"http:\/\/www.leaders.com.tn\/uploads\/content\/thumbnails_small\/1625665659_article.jpg","fifu_image_alt":"Hommage \u00e0 Feu Nejib Berriche, ancien d\u00e9put\u00e9, secr\u00e9taire d\u2019\u00c9tat et maire de La Marsa","footnotes":""},"categories":[73,55],"tags":[],"class_list":["post-120733","post","type-post","status-publish","format-standard","hentry","category-actualite","category-tunisie"],"_links":{"self":[{"href":"https:\/\/linitiative.ca\/International\/wp-json\/wp\/v2\/posts\/120733","targetHints":{"allow":["GET"]}}],"collection":[{"href":"https:\/\/linitiative.ca\/International\/wp-json\/wp\/v2\/posts"}],"about":[{"href":"https:\/\/linitiative.ca\/International\/wp-json\/wp\/v2\/types\/post"}],"author":[{"embeddable":true,"href":"https:\/\/linitiative.ca\/International\/wp-json\/wp\/v2\/users\/1772"}],"replies":[{"embeddable":true,"href":"https:\/\/linitiative.ca\/International\/wp-json\/wp\/v2\/comments?post=120733"}],"version-history":[{"count":0,"href":"https:\/\/linitiative.ca\/International\/wp-json\/wp\/v2\/posts\/120733\/revisions"}],"wp:attachment":[{"href":"https:\/\/linitiative.ca\/International\/wp-json\/wp\/v2\/media?parent=120733"}],"wp:term":[{"taxonomy":"category","embeddable":true,"href":"https:\/\/linitiative.ca\/International\/wp-json\/wp\/v2\/categories?post=120733"},{"taxonomy":"post_tag","embeddable":true,"href":"https:\/\/linitiative.ca\/International\/wp-json\/wp\/v2\/tags?post=120733"}],"curies":[{"name":"wp","href":"https:\/\/api.w.org\/{rel}","templated":true}]}}