{"id":120735,"date":"2021-07-07T11:00:55","date_gmt":"2021-07-07T15:00:55","guid":{"rendered":"https:\/\/linitiative.ca\/International\/le-francais-mabeo-industries-se-renforce-au-maroc\/"},"modified":"2021-07-07T11:00:55","modified_gmt":"2021-07-07T15:00:55","slug":"le-francais-mabeo-industries-se-renforce-au-maroc","status":"publish","type":"post","link":"https:\/\/linitiative.ca\/International\/le-francais-mabeo-industries-se-renforce-au-maroc\/","title":{"rendered":"Le fran\u00e7ais Mab\u00e9o Industries se renforce au Maroc"},"content":{"rendered":"<div><img decoding=\"async\" width=\"980\" height=\"573\" src=\"https:\/\/linitiative.ca\/International\/wp-content\/uploads\/sites\/23\/2021\/07\/agence_bourg_en_bresse-2.jpeg\" class=\"attachment-post-thumbnail size-post-thumbnail wp-post-image\" alt=\"\" loading=\"lazy\" srcset=\"https:\/\/linitiative.ca\/International\/wp-content\/uploads\/sites\/23\/2021\/07\/agence_bourg_en_bresse-2.jpeg 980w, https:\/\/www.challenge.ma\/wp-content\/uploads\/2021\/07\/agence_bourg_en_bresse-2-300x175.jpeg 300w, https:\/\/www.challenge.ma\/wp-content\/uploads\/2021\/07\/agence_bourg_en_bresse-2-768x449.jpeg 768w, https:\/\/www.challenge.ma\/wp-content\/uploads\/2021\/07\/agence_bourg_en_bresse-2-360x210.jpeg 360w\" sizes=\"auto, (max-width: 980px) 100vw, 980px\" itemprop=\"image\">Arriv\u00e9 au Maroc en 2019 dans les cartons du constructeur automobile PSA dont il est un des principaux fournisseurs en \u00e9quipements de protection individuelle d\u2019hygi\u00e8ne et de s\u00e9curit\u00e9, le fran\u00e7ais Mab\u00e9o Industries consolide sa pr\u00e9sence dans notre pays. En effet, ce num\u00e9ro 3 fran\u00e7ais de la distribution professionnelle pour industrie<\/div>\n<p>Auteur: challenge<br \/>\n<a href=\"https:\/\/www.challenge.ma\/le-francais-mabeo-industries-se-renforce-au-maroc-191015\/\">Cliquez ici pour lire l&rsquo;article depuis sa source.<\/a><\/p>\n","protected":false},"excerpt":{"rendered":"<p>Arriv\u00e9 au Maroc en 2019 dans les cartons du constructeur automobile PSA dont il est un des principaux fournisseurs en \u00e9quipements de protection individuelle d\u2019hygi\u00e8ne et de s\u00e9curit\u00e9, le fran\u00e7ais Mab\u00e9o Industries consolide sa pr\u00e9sence dans notre pays. En effet, ce num\u00e9ro 3 fran\u00e7ais de la distribution professionnelle pour industrie Auteur: challenge Cliquez ici pour [&hellip;]<\/p>\n","protected":false},"author":1787,"featured_media":0,"comment_status":"closed","ping_status":"closed","sticky":false,"template":"","format":"standard","meta":{"fifu_image_url":"https:\/\/www.challenge.ma\/wp-content\/uploads\/2021\/07\/agence_bourg_en_bresse-2.jpeg","fifu_image_alt":"Le fran\u00e7ais Mab\u00e9o Industries se renforce au Maroc","footnotes":""},"categories":[78,54],"tags":[],"class_list":["post-120735","post","type-post","status-publish","format-standard","hentry","category-economie","category-maroc"],"_links":{"self":[{"href":"https:\/\/linitiative.ca\/International\/wp-json\/wp\/v2\/posts\/120735","targetHints":{"allow":["GET"]}}],"collection":[{"href":"https:\/\/linitiative.ca\/International\/wp-json\/wp\/v2\/posts"}],"about":[{"href":"https:\/\/linitiative.ca\/International\/wp-json\/wp\/v2\/types\/post"}],"author":[{"embeddable":true,"href":"https:\/\/linitiative.ca\/International\/wp-json\/wp\/v2\/users\/1787"}],"replies":[{"embeddable":true,"href":"https:\/\/linitiative.ca\/International\/wp-json\/wp\/v2\/comments?post=120735"}],"version-history":[{"count":0,"href":"https:\/\/linitiative.ca\/International\/wp-json\/wp\/v2\/posts\/120735\/revisions"}],"wp:attachment":[{"href":"https:\/\/linitiative.ca\/International\/wp-json\/wp\/v2\/media?parent=120735"}],"wp:term":[{"taxonomy":"category","embeddable":true,"href":"https:\/\/linitiative.ca\/International\/wp-json\/wp\/v2\/categories?post=120735"},{"taxonomy":"post_tag","embeddable":true,"href":"https:\/\/linitiative.ca\/International\/wp-json\/wp\/v2\/tags?post=120735"}],"curies":[{"name":"wp","href":"https:\/\/api.w.org\/{rel}","templated":true}]}}