{"id":120739,"date":"2021-07-07T14:35:34","date_gmt":"2021-07-07T18:35:34","guid":{"rendered":"https:\/\/linitiative.ca\/International\/sur-la-greve-de-la-faim-du-detenu-soleiman-raissouni-et-son-rapport-avec-son-affaire-en-justice-direction-generale-de-ladministration-penitentiaire\/"},"modified":"2021-07-07T14:35:34","modified_gmt":"2021-07-07T18:35:34","slug":"sur-la-greve-de-la-faim-du-detenu-soleiman-raissouni-et-son-rapport-avec-son-affaire-en-justice-direction-generale-de-ladministration-penitentiaire","status":"publish","type":"post","link":"https:\/\/linitiative.ca\/International\/sur-la-greve-de-la-faim-du-detenu-soleiman-raissouni-et-son-rapport-avec-son-affaire-en-justice-direction-generale-de-ladministration-penitentiaire\/","title":{"rendered":"Sur la \u00ab gr\u00e8ve de la faim \u00bb du d\u00e9tenu Soleiman Raissouni et son rapport avec son affaire en justice [Direction g\u00e9n\u00e9rale de l\u2019administration p\u00e9nitentiaire]"},"content":{"rendered":"<div><img decoding=\"async\" width=\"1200\" height=\"600\" src=\"https:\/\/linitiative.ca\/International\/wp-content\/uploads\/sites\/23\/2021\/07\/Slimane-Raissouni.jpeg\" class=\"attachment-post-thumbnail size-post-thumbnail wp-post-image\" alt=\"\" loading=\"lazy\" srcset=\"https:\/\/linitiative.ca\/International\/wp-content\/uploads\/sites\/23\/2021\/07\/Slimane-Raissouni.jpeg 1200w, https:\/\/www.challenge.ma\/wp-content\/uploads\/2021\/07\/Slimane-Raissouni-300x150.jpeg 300w, https:\/\/www.challenge.ma\/wp-content\/uploads\/2021\/07\/Slimane-Raissouni-1024x512.jpeg 1024w, https:\/\/www.challenge.ma\/wp-content\/uploads\/2021\/07\/Slimane-Raissouni-768x384.jpeg 768w, https:\/\/www.challenge.ma\/wp-content\/uploads\/2021\/07\/Slimane-Raissouni-360x180.jpeg 360w, https:\/\/www.challenge.ma\/wp-content\/uploads\/2021\/07\/Slimane-Raissouni-750x375.jpeg 750w\" sizes=\"auto, (max-width: 1200px) 100vw, 1200px\" itemprop=\"image\">La Direction g\u00e9n\u00e9rale de l\u2019administration p\u00e9nitentiaire r\u00e9agit suite aux informations diffus\u00e9es dans la presse \u00e9lectronique et dans des publications sur les r\u00e9seaux sociaux, et ayant pullul\u00e9 tout r\u00e9cemment au sujet de la situation du d\u00e9tenu pr\u00e9ventif Soleiman Raissouni \u00e0 la prison locale Ain Seba\u00e2 1, poursuivi pour viol et s\u00e9questration,<\/div>\n<p>Auteur: challenge<br \/>\n<a href=\"https:\/\/www.challenge.ma\/sur-la-greve-de-la-faim-du-detenu-soleiman-raissouni-et-son-rapport-avec-son-affaire-en-justice-191763\/\">Cliquez ici pour lire l&rsquo;article depuis sa source.<\/a><\/p>\n","protected":false},"excerpt":{"rendered":"<p>La Direction g\u00e9n\u00e9rale de l\u2019administration p\u00e9nitentiaire r\u00e9agit suite aux informations diffus\u00e9es dans la presse \u00e9lectronique et dans des publications sur les r\u00e9seaux sociaux, et ayant pullul\u00e9 tout r\u00e9cemment au sujet de la situation du d\u00e9tenu pr\u00e9ventif Soleiman Raissouni \u00e0 la prison locale Ain Seba\u00e2 1, poursuivi pour viol et s\u00e9questration, Auteur: challenge Cliquez ici pour [&hellip;]<\/p>\n","protected":false},"author":1787,"featured_media":0,"comment_status":"closed","ping_status":"closed","sticky":false,"template":"","format":"standard","meta":{"fifu_image_url":"https:\/\/www.challenge.ma\/wp-content\/uploads\/2021\/07\/Slimane-Raissouni.jpeg","fifu_image_alt":"Sur la \u00ab gr\u00e8ve de la faim \u00bb du d\u00e9tenu Soleiman Raissouni et son rapport avec son affaire en justice [Direction g\u00e9n\u00e9rale de l\u2019administration p\u00e9nitentiaire]","footnotes":""},"categories":[78,54],"tags":[],"class_list":["post-120739","post","type-post","status-publish","format-standard","hentry","category-economie","category-maroc"],"_links":{"self":[{"href":"https:\/\/linitiative.ca\/International\/wp-json\/wp\/v2\/posts\/120739","targetHints":{"allow":["GET"]}}],"collection":[{"href":"https:\/\/linitiative.ca\/International\/wp-json\/wp\/v2\/posts"}],"about":[{"href":"https:\/\/linitiative.ca\/International\/wp-json\/wp\/v2\/types\/post"}],"author":[{"embeddable":true,"href":"https:\/\/linitiative.ca\/International\/wp-json\/wp\/v2\/users\/1787"}],"replies":[{"embeddable":true,"href":"https:\/\/linitiative.ca\/International\/wp-json\/wp\/v2\/comments?post=120739"}],"version-history":[{"count":0,"href":"https:\/\/linitiative.ca\/International\/wp-json\/wp\/v2\/posts\/120739\/revisions"}],"wp:attachment":[{"href":"https:\/\/linitiative.ca\/International\/wp-json\/wp\/v2\/media?parent=120739"}],"wp:term":[{"taxonomy":"category","embeddable":true,"href":"https:\/\/linitiative.ca\/International\/wp-json\/wp\/v2\/categories?post=120739"},{"taxonomy":"post_tag","embeddable":true,"href":"https:\/\/linitiative.ca\/International\/wp-json\/wp\/v2\/tags?post=120739"}],"curies":[{"name":"wp","href":"https:\/\/api.w.org\/{rel}","templated":true}]}}