{"id":120741,"date":"2021-07-07T16:00:50","date_gmt":"2021-07-07T20:00:50","guid":{"rendered":"https:\/\/linitiative.ca\/International\/coronavirus-face-a-la-recrudescence-des-cas-khalid-ait-taleb-sonne-de-nouveau-lalarme\/"},"modified":"2021-07-07T16:00:50","modified_gmt":"2021-07-07T20:00:50","slug":"coronavirus-face-a-la-recrudescence-des-cas-khalid-ait-taleb-sonne-de-nouveau-lalarme","status":"publish","type":"post","link":"https:\/\/linitiative.ca\/International\/coronavirus-face-a-la-recrudescence-des-cas-khalid-ait-taleb-sonne-de-nouveau-lalarme\/","title":{"rendered":"Coronavirus. Face \u00e0 la recrudescence des cas, Khalid Ait Taleb sonne de nouveau l\u2019alarme"},"content":{"rendered":"<div><img decoding=\"async\" width=\"512\" height=\"293\" src=\"https:\/\/linitiative.ca\/International\/wp-content\/uploads\/sites\/23\/2021\/07\/AIt-Taleb.png\" class=\"attachment-post-thumbnail size-post-thumbnail wp-post-image\" alt=\"\" loading=\"lazy\" srcset=\"https:\/\/linitiative.ca\/International\/wp-content\/uploads\/sites\/23\/2021\/07\/AIt-Taleb.png 512w, https:\/\/www.challenge.ma\/wp-content\/uploads\/2020\/04\/AIt-Taleb-300x172.png 300w, https:\/\/www.challenge.ma\/wp-content\/uploads\/2020\/04\/AIt-Taleb-360x206.png 360w\" sizes=\"auto, (max-width: 512px) 100vw, 512px\" itemprop=\"image\">Le minist\u00e8re de la Sant\u00e9 continue de sonner l\u2019alarme face \u00e0 la recrudescence des cas de la Covid-19 dans le royaume. Le d\u00e9partement de Khalid Ait Taleb a en effet de nouveau lanc\u00e9 un \u00a0appel aux citoyens pour le respect des mesures restrictives en vue d\u2019\u00e9viter des \u00ab\u00a0mesures drastiques\u00a0\u00bb.\u00ab\u00a0Les citoyens<\/div>\n<p>Auteur: challenge<br \/>\n<a href=\"https:\/\/www.challenge.ma\/coronavirus-face-a-la-recrudescence-des-cas-khalid-ait-taleb-sonne-de-nouveau-lalarme-191773\/\">Cliquez ici pour lire l&rsquo;article depuis sa source.<\/a><\/p>\n","protected":false},"excerpt":{"rendered":"<p>Le minist\u00e8re de la Sant\u00e9 continue de sonner l\u2019alarme face \u00e0 la recrudescence des cas de la Covid-19 dans le royaume. Le d\u00e9partement de Khalid Ait Taleb a en effet de nouveau lanc\u00e9 un \u00a0appel aux citoyens pour le respect des mesures restrictives en vue d\u2019\u00e9viter des \u00ab\u00a0mesures drastiques\u00a0\u00bb.\u00ab\u00a0Les citoyens Auteur: challenge Cliquez ici pour [&hellip;]<\/p>\n","protected":false},"author":1787,"featured_media":0,"comment_status":"closed","ping_status":"closed","sticky":false,"template":"","format":"standard","meta":{"fifu_image_url":"https:\/\/www.challenge.ma\/wp-content\/uploads\/2020\/04\/AIt-Taleb.png","fifu_image_alt":"Coronavirus. Face \u00e0 la recrudescence des cas, Khalid Ait Taleb sonne de nouveau l\u2019alarme","footnotes":""},"categories":[78,54],"tags":[],"class_list":["post-120741","post","type-post","status-publish","format-standard","hentry","category-economie","category-maroc"],"_links":{"self":[{"href":"https:\/\/linitiative.ca\/International\/wp-json\/wp\/v2\/posts\/120741","targetHints":{"allow":["GET"]}}],"collection":[{"href":"https:\/\/linitiative.ca\/International\/wp-json\/wp\/v2\/posts"}],"about":[{"href":"https:\/\/linitiative.ca\/International\/wp-json\/wp\/v2\/types\/post"}],"author":[{"embeddable":true,"href":"https:\/\/linitiative.ca\/International\/wp-json\/wp\/v2\/users\/1787"}],"replies":[{"embeddable":true,"href":"https:\/\/linitiative.ca\/International\/wp-json\/wp\/v2\/comments?post=120741"}],"version-history":[{"count":0,"href":"https:\/\/linitiative.ca\/International\/wp-json\/wp\/v2\/posts\/120741\/revisions"}],"wp:attachment":[{"href":"https:\/\/linitiative.ca\/International\/wp-json\/wp\/v2\/media?parent=120741"}],"wp:term":[{"taxonomy":"category","embeddable":true,"href":"https:\/\/linitiative.ca\/International\/wp-json\/wp\/v2\/categories?post=120741"},{"taxonomy":"post_tag","embeddable":true,"href":"https:\/\/linitiative.ca\/International\/wp-json\/wp\/v2\/tags?post=120741"}],"curies":[{"name":"wp","href":"https:\/\/api.w.org\/{rel}","templated":true}]}}