{"id":120746,"date":"2021-07-07T16:56:32","date_gmt":"2021-07-07T20:56:32","guid":{"rendered":"https:\/\/linitiative.ca\/International\/tunisie-document-la-direction-regionale-de-la-sante-de-sousse-informe-la-gouverneure-de-la-presence-dun-foyer-de-covid-parmi-les-congressistes-de-lugtt\/"},"modified":"2021-07-07T16:56:32","modified_gmt":"2021-07-07T20:56:32","slug":"tunisie-document-la-direction-regionale-de-la-sante-de-sousse-informe-la-gouverneure-de-la-presence-dun-foyer-de-covid-parmi-les-congressistes-de-lugtt","status":"publish","type":"post","link":"https:\/\/linitiative.ca\/International\/tunisie-document-la-direction-regionale-de-la-sante-de-sousse-informe-la-gouverneure-de-la-presence-dun-foyer-de-covid-parmi-les-congressistes-de-lugtt\/","title":{"rendered":"Tunisie \u2013 Document\u00a0: La direction r\u00e9gionale de la sant\u00e9 de Sousse informe la gouverneure de la pr\u00e9sence d\u2019un foyer de covid parmi les congressistes de l\u2019UGTT"},"content":{"rendered":"<div>\n<p>TunisieNumerique a obtenu une copie d\u2019un courrier adress\u00e9, ce mercredi, par le directeur r\u00e9gional de la sant\u00e9 de Sousse, \u00e0 Mme le gouverneur, lui expliquant qu\u2019\u00e0 la suite d\u2019u ne mission d\u2019\u00e9valuation et d\u2019inspection des unit\u00e9s h\u00f4teli\u00e8res qui h\u00e9bergent les congressistes de l\u2019UGTT, ils ont eu \u00e0 constater que les tests rapides pratiqu\u00e9s aux pr\u00e9sents [\u2026]<\/p>\n<p>L\u2019article <a href=\"https:\/\/www.tunisienumerique.com\/tunisie-document-la-direction-regionale-de-la-sante-de-sousse-informe-la-gouverneure-de-la-presence-dun-foyer-de-covid-parmi-les-congressistes-de-lugtt\/\">Tunisie \u2013 Document\u00a0: La direction r\u00e9gionale de la sant\u00e9 de Sousse informe la gouverneure de la pr\u00e9sence d\u2019un foyer de covid parmi les congressistes de l\u2019UGTT<\/a> est apparu en premier sur <a href=\"https:\/\/www.tunisienumerique.com\/\">Tunisie<\/a>.<\/p>\n<\/div>\n<p>Auteur: LM<br \/>\n<a href=\"https:\/\/www.tunisienumerique.com\/tunisie-document-la-direction-regionale-de-la-sante-de-sousse-informe-la-gouverneure-de-la-presence-dun-foyer-de-covid-parmi-les-congressistes-de-lugtt\/\">Cliquez ici pour lire l&rsquo;article depuis sa source.<\/a><\/p>\n","protected":false},"excerpt":{"rendered":"<p>TunisieNumerique a obtenu une copie d\u2019un courrier adress\u00e9, ce mercredi, par le directeur r\u00e9gional de la sant\u00e9 de Sousse, \u00e0 Mme le gouverneur, lui expliquant qu\u2019\u00e0 la suite d\u2019u ne mission d\u2019\u00e9valuation et d\u2019inspection des unit\u00e9s h\u00f4teli\u00e8res qui h\u00e9bergent les congressistes de l\u2019UGTT, ils ont eu \u00e0 constater que les tests rapides pratiqu\u00e9s aux pr\u00e9sents [&hellip;]<\/p>\n","protected":false},"author":1789,"featured_media":0,"comment_status":"closed","ping_status":"closed","sticky":false,"template":"","format":"standard","meta":{"fifu_image_url":"","fifu_image_alt":"","footnotes":""},"categories":[73,55],"tags":[],"class_list":["post-120746","post","type-post","status-publish","format-standard","hentry","category-actualite","category-tunisie"],"_links":{"self":[{"href":"https:\/\/linitiative.ca\/International\/wp-json\/wp\/v2\/posts\/120746","targetHints":{"allow":["GET"]}}],"collection":[{"href":"https:\/\/linitiative.ca\/International\/wp-json\/wp\/v2\/posts"}],"about":[{"href":"https:\/\/linitiative.ca\/International\/wp-json\/wp\/v2\/types\/post"}],"author":[{"embeddable":true,"href":"https:\/\/linitiative.ca\/International\/wp-json\/wp\/v2\/users\/1789"}],"replies":[{"embeddable":true,"href":"https:\/\/linitiative.ca\/International\/wp-json\/wp\/v2\/comments?post=120746"}],"version-history":[{"count":0,"href":"https:\/\/linitiative.ca\/International\/wp-json\/wp\/v2\/posts\/120746\/revisions"}],"wp:attachment":[{"href":"https:\/\/linitiative.ca\/International\/wp-json\/wp\/v2\/media?parent=120746"}],"wp:term":[{"taxonomy":"category","embeddable":true,"href":"https:\/\/linitiative.ca\/International\/wp-json\/wp\/v2\/categories?post=120746"},{"taxonomy":"post_tag","embeddable":true,"href":"https:\/\/linitiative.ca\/International\/wp-json\/wp\/v2\/tags?post=120746"}],"curies":[{"name":"wp","href":"https:\/\/api.w.org\/{rel}","templated":true}]}}