{"id":120747,"date":"2021-07-07T17:15:52","date_gmt":"2021-07-07T21:15:52","guid":{"rendered":"https:\/\/linitiative.ca\/International\/urgent-sousse-le-ministere-de-la-sante-accorde-a-lugtt-une-nouvelle-autorisation-pour-tenir-son-congres\/"},"modified":"2021-07-07T17:15:52","modified_gmt":"2021-07-07T21:15:52","slug":"urgent-sousse-le-ministere-de-la-sante-accorde-a-lugtt-une-nouvelle-autorisation-pour-tenir-son-congres","status":"publish","type":"post","link":"https:\/\/linitiative.ca\/International\/urgent-sousse-le-ministere-de-la-sante-accorde-a-lugtt-une-nouvelle-autorisation-pour-tenir-son-congres\/","title":{"rendered":"URGENT-Sousse : Le minist\u00e8re de la Sant\u00e9 accorde \u00e0 l\u2019UGTT une nouvelle autorisation pour tenir son congr\u00e8s"},"content":{"rendered":"<div>\n<p>Le porte-parole du Tribunal de premi\u00e8re instance de Sousse 2, Haithem Boubaker a indiqu\u00e9 ce soir \u00e0 une source m\u00e9diatique que le minist\u00e8re de la Sant\u00e9 a accord\u00e9 \u00e0 l\u2019UGTT une nouvelle autorisation pour tenir son congr\u00e8s non \u00e9lectif extraordinaire. Suite \u00e0 quoi, l\u2019organisation syndicale l\u2019avait pr\u00e9sent\u00e9e \u00e0 la police judiciaire de Hammam Sousse. De [\u2026]<\/p>\n<p>L\u2019article <a href=\"https:\/\/www.tunisienumerique.com\/urgent-sousse-le-ministere-de-la-sante-accorde-a-lugtt-une-nouvelle-autorisation-pour-tenir-son-congres\/\">URGENT-Sousse : Le minist\u00e8re de la Sant\u00e9 accorde \u00e0 l\u2019UGTT une nouvelle autorisation pour tenir son congr\u00e8s<\/a> est apparu en premier sur <a href=\"https:\/\/www.tunisienumerique.com\/\">Tunisie<\/a>.<\/p>\n<\/div>\n<p>Auteur: rania ben slimane<br \/>\n<a href=\"https:\/\/www.tunisienumerique.com\/urgent-sousse-le-ministere-de-la-sante-accorde-a-lugtt-une-nouvelle-autorisation-pour-tenir-son-congres\/\">Cliquez ici pour lire l&rsquo;article depuis sa source.<\/a><\/p>\n","protected":false},"excerpt":{"rendered":"<p>Le porte-parole du Tribunal de premi\u00e8re instance de Sousse 2, Haithem Boubaker a indiqu\u00e9 ce soir \u00e0 une source m\u00e9diatique que le minist\u00e8re de la Sant\u00e9 a accord\u00e9 \u00e0 l\u2019UGTT une nouvelle autorisation pour tenir son congr\u00e8s non \u00e9lectif extraordinaire. Suite \u00e0 quoi, l\u2019organisation syndicale l\u2019avait pr\u00e9sent\u00e9e \u00e0 la police judiciaire de Hammam Sousse. De [&hellip;]<\/p>\n","protected":false},"author":1789,"featured_media":0,"comment_status":"closed","ping_status":"closed","sticky":false,"template":"","format":"standard","meta":{"fifu_image_url":"","fifu_image_alt":"","footnotes":""},"categories":[73,55],"tags":[],"class_list":["post-120747","post","type-post","status-publish","format-standard","hentry","category-actualite","category-tunisie"],"_links":{"self":[{"href":"https:\/\/linitiative.ca\/International\/wp-json\/wp\/v2\/posts\/120747","targetHints":{"allow":["GET"]}}],"collection":[{"href":"https:\/\/linitiative.ca\/International\/wp-json\/wp\/v2\/posts"}],"about":[{"href":"https:\/\/linitiative.ca\/International\/wp-json\/wp\/v2\/types\/post"}],"author":[{"embeddable":true,"href":"https:\/\/linitiative.ca\/International\/wp-json\/wp\/v2\/users\/1789"}],"replies":[{"embeddable":true,"href":"https:\/\/linitiative.ca\/International\/wp-json\/wp\/v2\/comments?post=120747"}],"version-history":[{"count":0,"href":"https:\/\/linitiative.ca\/International\/wp-json\/wp\/v2\/posts\/120747\/revisions"}],"wp:attachment":[{"href":"https:\/\/linitiative.ca\/International\/wp-json\/wp\/v2\/media?parent=120747"}],"wp:term":[{"taxonomy":"category","embeddable":true,"href":"https:\/\/linitiative.ca\/International\/wp-json\/wp\/v2\/categories?post=120747"},{"taxonomy":"post_tag","embeddable":true,"href":"https:\/\/linitiative.ca\/International\/wp-json\/wp\/v2\/tags?post=120747"}],"curies":[{"name":"wp","href":"https:\/\/api.w.org\/{rel}","templated":true}]}}