{"id":120748,"date":"2021-07-07T17:20:49","date_gmt":"2021-07-07T21:20:49","guid":{"rendered":"https:\/\/linitiative.ca\/International\/tunisie-nabeul-atteinte-dun-nouveau-ne-du-covid\/"},"modified":"2021-07-07T17:20:49","modified_gmt":"2021-07-07T21:20:49","slug":"tunisie-nabeul-atteinte-dun-nouveau-ne-du-covid","status":"publish","type":"post","link":"https:\/\/linitiative.ca\/International\/tunisie-nabeul-atteinte-dun-nouveau-ne-du-covid\/","title":{"rendered":"Tunisie \u2013 Nabeul\u00a0: Atteinte d\u2019un nouveau n\u00e9 du covid"},"content":{"rendered":"<div>\n<p>Un nouveau n\u00e9 a \u00e9t\u00e9 diagnostiqu\u00e9 positif au covid, et a du \u00eatre transf\u00e9r\u00e9 au service de r\u00e9animation p\u00e9diatrique de l\u2019h\u00f4pital de Bab Sa\u00e2doun, pour une meilleure prise en charge. \u00a0<\/p>\n<p>L\u2019article <a href=\"https:\/\/www.tunisienumerique.com\/tunisie-nabeul-atteinte-dun-nouveau-ne-du-covid\/\">Tunisie \u2013 Nabeul\u00a0: Atteinte d\u2019un nouveau n\u00e9 du covid<\/a> est apparu en premier sur <a href=\"https:\/\/www.tunisienumerique.com\/\">Tunisie<\/a>.<\/p>\n<\/div>\n<p>Auteur: LM<br \/>\n<a href=\"https:\/\/www.tunisienumerique.com\/tunisie-nabeul-atteinte-dun-nouveau-ne-du-covid\/\">Cliquez ici pour lire l&rsquo;article depuis sa source.<\/a><\/p>\n","protected":false},"excerpt":{"rendered":"<p>Un nouveau n\u00e9 a \u00e9t\u00e9 diagnostiqu\u00e9 positif au covid, et a du \u00eatre transf\u00e9r\u00e9 au service de r\u00e9animation p\u00e9diatrique de l\u2019h\u00f4pital de Bab Sa\u00e2doun, pour une meilleure prise en charge. \u00a0 L\u2019article Tunisie \u2013 Nabeul\u00a0: Atteinte d\u2019un nouveau n\u00e9 du covid est apparu en premier sur Tunisie. Auteur: LM Cliquez ici pour lire l&rsquo;article depuis [&hellip;]<\/p>\n","protected":false},"author":1789,"featured_media":0,"comment_status":"closed","ping_status":"closed","sticky":false,"template":"","format":"standard","meta":{"fifu_image_url":"","fifu_image_alt":"","footnotes":""},"categories":[73,55],"tags":[],"class_list":["post-120748","post","type-post","status-publish","format-standard","hentry","category-actualite","category-tunisie"],"_links":{"self":[{"href":"https:\/\/linitiative.ca\/International\/wp-json\/wp\/v2\/posts\/120748","targetHints":{"allow":["GET"]}}],"collection":[{"href":"https:\/\/linitiative.ca\/International\/wp-json\/wp\/v2\/posts"}],"about":[{"href":"https:\/\/linitiative.ca\/International\/wp-json\/wp\/v2\/types\/post"}],"author":[{"embeddable":true,"href":"https:\/\/linitiative.ca\/International\/wp-json\/wp\/v2\/users\/1789"}],"replies":[{"embeddable":true,"href":"https:\/\/linitiative.ca\/International\/wp-json\/wp\/v2\/comments?post=120748"}],"version-history":[{"count":0,"href":"https:\/\/linitiative.ca\/International\/wp-json\/wp\/v2\/posts\/120748\/revisions"}],"wp:attachment":[{"href":"https:\/\/linitiative.ca\/International\/wp-json\/wp\/v2\/media?parent=120748"}],"wp:term":[{"taxonomy":"category","embeddable":true,"href":"https:\/\/linitiative.ca\/International\/wp-json\/wp\/v2\/categories?post=120748"},{"taxonomy":"post_tag","embeddable":true,"href":"https:\/\/linitiative.ca\/International\/wp-json\/wp\/v2\/tags?post=120748"}],"curies":[{"name":"wp","href":"https:\/\/api.w.org\/{rel}","templated":true}]}}