{"id":120749,"date":"2021-07-07T17:20:57","date_gmt":"2021-07-07T21:20:57","guid":{"rendered":"https:\/\/linitiative.ca\/International\/emirats-arabes-unis-une-forte-explosion-a-dubai\/"},"modified":"2021-07-07T17:20:57","modified_gmt":"2021-07-07T21:20:57","slug":"emirats-arabes-unis-une-forte-explosion-a-dubai","status":"publish","type":"post","link":"https:\/\/linitiative.ca\/International\/emirats-arabes-unis-une-forte-explosion-a-dubai\/","title":{"rendered":"Emirats Arabes Unis : Une forte explosion \u00e0 Duba\u00ef"},"content":{"rendered":"<div>\n<p>Une puissante explosion s\u2019est r\u00e9percut\u00e9e dans tout Duba\u00ef mercredi soir, dont les causes n\u2019\u00e9taient pas connues dans l\u2019imm\u00e9diat, selon des habitants et un correspondant de l\u2019AFP dans l\u2019\u00e9mirat du Golfe, qui assiste rarement \u00e0 des accidents majeurs. En effet, le correspondant de l\u2019AFP a entendu l\u2019explosion, tandis que des habitants de la r\u00e9gion de Jebel [\u2026]<\/p>\n<p>L\u2019article <a href=\"https:\/\/www.tunisienumerique.com\/emirats-arabes-unis-une-forte-explosion-a-dubai\/\">Emirats Arabes Unis : Une forte explosion \u00e0 Duba\u00ef<\/a> est apparu en premier sur <a href=\"https:\/\/www.tunisienumerique.com\/\">Tunisie<\/a>.<\/p>\n<\/div>\n<p>Auteur: rania ben slimane<br \/>\n<a href=\"https:\/\/www.tunisienumerique.com\/emirats-arabes-unis-une-forte-explosion-a-dubai\/\">Cliquez ici pour lire l&rsquo;article depuis sa source.<\/a><\/p>\n","protected":false},"excerpt":{"rendered":"<p>Une puissante explosion s\u2019est r\u00e9percut\u00e9e dans tout Duba\u00ef mercredi soir, dont les causes n\u2019\u00e9taient pas connues dans l\u2019imm\u00e9diat, selon des habitants et un correspondant de l\u2019AFP dans l\u2019\u00e9mirat du Golfe, qui assiste rarement \u00e0 des accidents majeurs. En effet, le correspondant de l\u2019AFP a entendu l\u2019explosion, tandis que des habitants de la r\u00e9gion de Jebel [&hellip;]<\/p>\n","protected":false},"author":1789,"featured_media":0,"comment_status":"closed","ping_status":"closed","sticky":false,"template":"","format":"standard","meta":{"fifu_image_url":"","fifu_image_alt":"","footnotes":""},"categories":[73,55],"tags":[],"class_list":["post-120749","post","type-post","status-publish","format-standard","hentry","category-actualite","category-tunisie"],"_links":{"self":[{"href":"https:\/\/linitiative.ca\/International\/wp-json\/wp\/v2\/posts\/120749","targetHints":{"allow":["GET"]}}],"collection":[{"href":"https:\/\/linitiative.ca\/International\/wp-json\/wp\/v2\/posts"}],"about":[{"href":"https:\/\/linitiative.ca\/International\/wp-json\/wp\/v2\/types\/post"}],"author":[{"embeddable":true,"href":"https:\/\/linitiative.ca\/International\/wp-json\/wp\/v2\/users\/1789"}],"replies":[{"embeddable":true,"href":"https:\/\/linitiative.ca\/International\/wp-json\/wp\/v2\/comments?post=120749"}],"version-history":[{"count":0,"href":"https:\/\/linitiative.ca\/International\/wp-json\/wp\/v2\/posts\/120749\/revisions"}],"wp:attachment":[{"href":"https:\/\/linitiative.ca\/International\/wp-json\/wp\/v2\/media?parent=120749"}],"wp:term":[{"taxonomy":"category","embeddable":true,"href":"https:\/\/linitiative.ca\/International\/wp-json\/wp\/v2\/categories?post=120749"},{"taxonomy":"post_tag","embeddable":true,"href":"https:\/\/linitiative.ca\/International\/wp-json\/wp\/v2\/tags?post=120749"}],"curies":[{"name":"wp","href":"https:\/\/api.w.org\/{rel}","templated":true}]}}