{"id":120750,"date":"2021-07-07T15:48:15","date_gmt":"2021-07-07T19:48:15","guid":{"rendered":"https:\/\/linitiative.ca\/International\/deboires-judiciaires-du-fils-de-lex-president-malien-ibk\/"},"modified":"2021-07-07T15:48:15","modified_gmt":"2021-07-07T19:48:15","slug":"deboires-judiciaires-du-fils-de-lex-president-malien-ibk","status":"publish","type":"post","link":"https:\/\/linitiative.ca\/International\/deboires-judiciaires-du-fils-de-lex-president-malien-ibk\/","title":{"rendered":"DEBOIRES JUDICIAIRES DU FILS DE L\u2019EX-PRESIDENT MALIEN IBK"},"content":{"rendered":"<div>\n<p><img decoding=\"async\" width=\"592\" height=\"296\" src=\"https:\/\/linitiative.ca\/International\/wp-content\/uploads\/sites\/23\/2021\/07\/KARIM-K.jpg\" class=\"attachment- size- wp-post-image\" alt=\"\" loading=\"lazy\" style=\"float:left; margin:0 15px 15px 0;\" srcset=\"https:\/\/linitiative.ca\/International\/wp-content\/uploads\/sites\/23\/2021\/07\/KARIM-K.jpg 592w, https:\/\/lepays.bf\/wp-content\/uploads\/2021\/07\/KARIM-K-300x150.jpg 300w\" sizes=\"auto, (max-width: 592px) 100vw, 592px\">Karim K\u00e9ita, le fils du pr\u00e9sident malien d\u00e9chu, Ibrahim Boubacar Keita (IBK), est dans le collimateur de la Justice. Depuis le 5 juillet dernier, il fait l\u2019objet d\u2019un mandat d\u2019arr\u00eat international \u00e9mis \u00e0 son encontre par la Justice malienne, pour son implication pr\u00e9sum\u00e9e dans la disparition d\u2019un journaliste malien sous le r\u00e9gime de son p\u00e8re. \u2026<\/p>\n<p>L\u2019article <a rel=\"nofollow\" href=\"https:\/\/lepays.bf\/deboires-judiciaires-du-fils-de-lex-president-malien-ibk\/\">DEBOIRES JUDICIAIRES DU FILS DE L\u2019EX-PRESIDENT MALIEN IBK<\/a> est apparu en premier sur <a rel=\"nofollow\" href=\"https:\/\/lepays.bf\/\">Editions Le Pays<\/a>.<\/p>\n<\/div>\n<p>Auteur: Editions LEPAYS<br \/>\n<a href=\"https:\/\/lepays.bf\/deboires-judiciaires-du-fils-de-lex-president-malien-ibk\/\">Cliquez ici pour lire l&rsquo;article depuis sa source.<\/a><\/p>\n","protected":false},"excerpt":{"rendered":"<p>Karim K\u00e9ita, le fils du pr\u00e9sident malien d\u00e9chu, Ibrahim Boubacar Keita (IBK), est dans le collimateur de la Justice. Depuis le 5 juillet dernier, il fait l\u2019objet d\u2019un mandat d\u2019arr\u00eat international \u00e9mis \u00e0 son encontre par la Justice malienne, pour son implication pr\u00e9sum\u00e9e dans la disparition d\u2019un journaliste malien sous le r\u00e9gime de son p\u00e8re. [&hellip;]<\/p>\n","protected":false},"author":1813,"featured_media":0,"comment_status":"closed","ping_status":"closed","sticky":false,"template":"","format":"standard","meta":{"fifu_image_url":"https:\/\/lepays.bf\/wp-content\/uploads\/2021\/07\/KARIM-K.jpg","fifu_image_alt":"DEBOIRES JUDICIAIRES DU FILS DE L\u2019EX-PRESIDENT MALIEN IBK","footnotes":""},"categories":[73,81],"tags":[],"class_list":["post-120750","post","type-post","status-publish","format-standard","hentry","category-actualite","category-burkina-faso"],"_links":{"self":[{"href":"https:\/\/linitiative.ca\/International\/wp-json\/wp\/v2\/posts\/120750","targetHints":{"allow":["GET"]}}],"collection":[{"href":"https:\/\/linitiative.ca\/International\/wp-json\/wp\/v2\/posts"}],"about":[{"href":"https:\/\/linitiative.ca\/International\/wp-json\/wp\/v2\/types\/post"}],"author":[{"embeddable":true,"href":"https:\/\/linitiative.ca\/International\/wp-json\/wp\/v2\/users\/1813"}],"replies":[{"embeddable":true,"href":"https:\/\/linitiative.ca\/International\/wp-json\/wp\/v2\/comments?post=120750"}],"version-history":[{"count":0,"href":"https:\/\/linitiative.ca\/International\/wp-json\/wp\/v2\/posts\/120750\/revisions"}],"wp:attachment":[{"href":"https:\/\/linitiative.ca\/International\/wp-json\/wp\/v2\/media?parent=120750"}],"wp:term":[{"taxonomy":"category","embeddable":true,"href":"https:\/\/linitiative.ca\/International\/wp-json\/wp\/v2\/categories?post=120750"},{"taxonomy":"post_tag","embeddable":true,"href":"https:\/\/linitiative.ca\/International\/wp-json\/wp\/v2\/tags?post=120750"}],"curies":[{"name":"wp","href":"https:\/\/api.w.org\/{rel}","templated":true}]}}