{"id":120752,"date":"2021-07-07T15:56:52","date_gmt":"2021-07-07T19:56:52","guid":{"rendered":"https:\/\/linitiative.ca\/International\/assassinat-du-president-haitien\/"},"modified":"2021-07-07T15:56:52","modified_gmt":"2021-07-07T19:56:52","slug":"assassinat-du-president-haitien","status":"publish","type":"post","link":"https:\/\/linitiative.ca\/International\/assassinat-du-president-haitien\/","title":{"rendered":"ASSASSINAT DU PRESIDENT HAITIEN  \u00a0"},"content":{"rendered":"<div>\n<p><img decoding=\"async\" width=\"592\" height=\"296\" src=\"https:\/\/linitiative.ca\/International\/wp-content\/uploads\/sites\/23\/2021\/07\/HAITI.jpg\" class=\"attachment- size- wp-post-image\" alt=\"\" loading=\"lazy\" style=\"float:left; margin:0 15px 15px 0;\" srcset=\"https:\/\/linitiative.ca\/International\/wp-content\/uploads\/sites\/23\/2021\/07\/HAITI.jpg 592w, https:\/\/lepays.bf\/wp-content\/uploads\/2021\/07\/HAITI-300x150.jpg 300w\" sizes=\"auto, (max-width: 592px) 100vw, 592px\">La R\u00e9publique d\u2019Ha\u00efti est de nouveau dans la tourmente. En effet, le pr\u00e9sident Jovenel Mo\u00efse \u00e9lu avec 54% des suffrages en 2016 et dont le mandat a d\u00e9but\u00e9 en 2017, a \u00e9t\u00e9 assassin\u00e9 \u00e0 sa r\u00e9sidence en banlieue de Port-au Prince, par un commando dans la nuit du mardi 6 au \u00a0mercredi 7 juillet 2021. \u2026<\/p>\n<p>L\u2019article <a rel=\"nofollow\" href=\"https:\/\/lepays.bf\/assassinat-du-president-haitien\/\">ASSASSINAT DU PRESIDENT HAITIEN  \u00a0<\/a> est apparu en premier sur <a rel=\"nofollow\" href=\"https:\/\/lepays.bf\/\">Editions Le Pays<\/a>.<\/p>\n<\/div>\n<p>Auteur: Editions LEPAYS<br \/>\n<a href=\"https:\/\/lepays.bf\/assassinat-du-president-haitien\/\">Cliquez ici pour lire l&rsquo;article depuis sa source.<\/a><\/p>\n","protected":false},"excerpt":{"rendered":"<p>La R\u00e9publique d\u2019Ha\u00efti est de nouveau dans la tourmente. En effet, le pr\u00e9sident Jovenel Mo\u00efse \u00e9lu avec 54% des suffrages en 2016 et dont le mandat a d\u00e9but\u00e9 en 2017, a \u00e9t\u00e9 assassin\u00e9 \u00e0 sa r\u00e9sidence en banlieue de Port-au Prince, par un commando dans la nuit du mardi 6 au \u00a0mercredi 7 juillet 2021. [&hellip;]<\/p>\n","protected":false},"author":1813,"featured_media":0,"comment_status":"closed","ping_status":"closed","sticky":false,"template":"","format":"standard","meta":{"fifu_image_url":"https:\/\/lepays.bf\/wp-content\/uploads\/2021\/07\/HAITI.jpg","fifu_image_alt":"ASSASSINAT DU PRESIDENT HAITIEN  \u00a0","footnotes":""},"categories":[73,81],"tags":[],"class_list":["post-120752","post","type-post","status-publish","format-standard","hentry","category-actualite","category-burkina-faso"],"_links":{"self":[{"href":"https:\/\/linitiative.ca\/International\/wp-json\/wp\/v2\/posts\/120752","targetHints":{"allow":["GET"]}}],"collection":[{"href":"https:\/\/linitiative.ca\/International\/wp-json\/wp\/v2\/posts"}],"about":[{"href":"https:\/\/linitiative.ca\/International\/wp-json\/wp\/v2\/types\/post"}],"author":[{"embeddable":true,"href":"https:\/\/linitiative.ca\/International\/wp-json\/wp\/v2\/users\/1813"}],"replies":[{"embeddable":true,"href":"https:\/\/linitiative.ca\/International\/wp-json\/wp\/v2\/comments?post=120752"}],"version-history":[{"count":0,"href":"https:\/\/linitiative.ca\/International\/wp-json\/wp\/v2\/posts\/120752\/revisions"}],"wp:attachment":[{"href":"https:\/\/linitiative.ca\/International\/wp-json\/wp\/v2\/media?parent=120752"}],"wp:term":[{"taxonomy":"category","embeddable":true,"href":"https:\/\/linitiative.ca\/International\/wp-json\/wp\/v2\/categories?post=120752"},{"taxonomy":"post_tag","embeddable":true,"href":"https:\/\/linitiative.ca\/International\/wp-json\/wp\/v2\/tags?post=120752"}],"curies":[{"name":"wp","href":"https:\/\/api.w.org\/{rel}","templated":true}]}}