{"id":120754,"date":"2021-07-07T16:00:21","date_gmt":"2021-07-07T20:00:21","guid":{"rendered":"https:\/\/linitiative.ca\/International\/tournee-europeenne-du-president-nigerien\/"},"modified":"2021-07-07T16:00:21","modified_gmt":"2021-07-07T20:00:21","slug":"tournee-europeenne-du-president-nigerien","status":"publish","type":"post","link":"https:\/\/linitiative.ca\/International\/tournee-europeenne-du-president-nigerien\/","title":{"rendered":"TOURNEE EUROPEENNE DU PRESIDENT NIGERIEN"},"content":{"rendered":"<div>\n<p><img decoding=\"async\" width=\"700\" height=\"394\" src=\"https:\/\/linitiative.ca\/International\/wp-content\/uploads\/sites\/23\/2021\/07\/BAZOUM-2.jpg\" class=\"attachment- size- wp-post-image\" alt=\"\" loading=\"lazy\" style=\"float:left; margin:0 15px 15px 0;\" srcset=\"https:\/\/linitiative.ca\/International\/wp-content\/uploads\/sites\/23\/2021\/07\/BAZOUM-2.jpg 700w, https:\/\/lepays.bf\/wp-content\/uploads\/2021\/07\/BAZOUM-2-300x169.jpg 300w, https:\/\/lepays.bf\/wp-content\/uploads\/2021\/07\/BAZOUM-2-390x220.jpg 390w\" sizes=\"auto, (max-width: 700px) 100vw, 700px\">Apr\u00e8s le pr\u00e9sident de la Transition tchadienne qui a termin\u00e9 son bapt\u00eame du feu de ses tourn\u00e9es europ\u00e9ennes par une visite \u00e0 l\u2019Elys\u00e9e, le 5 juillet dernier, c\u2019est au tour du nouveau chef de l\u2019Etat nig\u00e9rien, Mohamed Bazoum, de prendre son b\u00e2ton\u00a0 de p\u00e8lerin pour se rendre sur le Vieux continent pour une visite officielle \u2026<\/p>\n<p>L\u2019article <a rel=\"nofollow\" href=\"https:\/\/lepays.bf\/tournee-europeenne-du-president-nigerien\/\">TOURNEE EUROPEENNE DU PRESIDENT NIGERIEN<\/a> est apparu en premier sur <a rel=\"nofollow\" href=\"https:\/\/lepays.bf\/\">Editions Le Pays<\/a>.<\/p>\n<\/div>\n<p>Auteur: Editions LEPAYS<br \/>\n<a href=\"https:\/\/lepays.bf\/tournee-europeenne-du-president-nigerien\/\">Cliquez ici pour lire l&rsquo;article depuis sa source.<\/a><\/p>\n","protected":false},"excerpt":{"rendered":"<p>Apr\u00e8s le pr\u00e9sident de la Transition tchadienne qui a termin\u00e9 son bapt\u00eame du feu de ses tourn\u00e9es europ\u00e9ennes par une visite \u00e0 l\u2019Elys\u00e9e, le 5 juillet dernier, c\u2019est au tour du nouveau chef de l\u2019Etat nig\u00e9rien, Mohamed Bazoum, de prendre son b\u00e2ton\u00a0 de p\u00e8lerin pour se rendre sur le Vieux continent pour une visite officielle [&hellip;]<\/p>\n","protected":false},"author":1813,"featured_media":0,"comment_status":"closed","ping_status":"closed","sticky":false,"template":"","format":"standard","meta":{"fifu_image_url":"https:\/\/lepays.bf\/wp-content\/uploads\/2021\/07\/BAZOUM-2.jpg","fifu_image_alt":"TOURNEE EUROPEENNE DU PRESIDENT NIGERIEN","footnotes":""},"categories":[73,81],"tags":[],"class_list":["post-120754","post","type-post","status-publish","format-standard","hentry","category-actualite","category-burkina-faso"],"_links":{"self":[{"href":"https:\/\/linitiative.ca\/International\/wp-json\/wp\/v2\/posts\/120754","targetHints":{"allow":["GET"]}}],"collection":[{"href":"https:\/\/linitiative.ca\/International\/wp-json\/wp\/v2\/posts"}],"about":[{"href":"https:\/\/linitiative.ca\/International\/wp-json\/wp\/v2\/types\/post"}],"author":[{"embeddable":true,"href":"https:\/\/linitiative.ca\/International\/wp-json\/wp\/v2\/users\/1813"}],"replies":[{"embeddable":true,"href":"https:\/\/linitiative.ca\/International\/wp-json\/wp\/v2\/comments?post=120754"}],"version-history":[{"count":0,"href":"https:\/\/linitiative.ca\/International\/wp-json\/wp\/v2\/posts\/120754\/revisions"}],"wp:attachment":[{"href":"https:\/\/linitiative.ca\/International\/wp-json\/wp\/v2\/media?parent=120754"}],"wp:term":[{"taxonomy":"category","embeddable":true,"href":"https:\/\/linitiative.ca\/International\/wp-json\/wp\/v2\/categories?post=120754"},{"taxonomy":"post_tag","embeddable":true,"href":"https:\/\/linitiative.ca\/International\/wp-json\/wp\/v2\/tags?post=120754"}],"curies":[{"name":"wp","href":"https:\/\/api.w.org\/{rel}","templated":true}]}}