{"id":120756,"date":"2021-07-07T16:03:54","date_gmt":"2021-07-07T20:03:54","guid":{"rendered":"https:\/\/linitiative.ca\/International\/mobilisation-pour-empecher-larrestation-de-lex-president-sud-africain\/"},"modified":"2021-07-07T16:03:54","modified_gmt":"2021-07-07T20:03:54","slug":"mobilisation-pour-empecher-larrestation-de-lex-president-sud-africain","status":"publish","type":"post","link":"https:\/\/linitiative.ca\/International\/mobilisation-pour-empecher-larrestation-de-lex-president-sud-africain\/","title":{"rendered":"MOBILISATION POUR EMPECHER L\u2019ARRESTATION DE l\u2019EX-PRESIDENT SUD-AFRICAIN  \u00a0"},"content":{"rendered":"<div>\n<p><img decoding=\"async\" width=\"664\" height=\"455\" src=\"https:\/\/linitiative.ca\/International\/wp-content\/uploads\/sites\/23\/2021\/07\/ZUMA-2-1.jpg\" class=\"attachment- size- wp-post-image\" alt=\"\" loading=\"lazy\" style=\"float:left; margin:0 15px 15px 0;\" srcset=\"https:\/\/linitiative.ca\/International\/wp-content\/uploads\/sites\/23\/2021\/07\/ZUMA-2-1.jpg 664w, https:\/\/lepays.bf\/wp-content\/uploads\/2021\/07\/ZUMA-2-1-300x206.jpg 300w, https:\/\/lepays.bf\/wp-content\/uploads\/2021\/07\/ZUMA-2-1-220x150.jpg 220w\" sizes=\"auto, (max-width: 664px) 100vw, 664px\">\u00a0\u00ab\u00a0A force de jouer avec le feu, on finit par se br\u00fbler les doigts\u00a0\u00bb. Cette assertion illustre parfaitement la condamnation de l\u2019ancien pr\u00e9sident sud-africain, Jacob Zuma, pour outrage \u00e0 la Justice. En effet, poursuivi dans plusieurs affaires de d\u00e9tournement et de blanchiment d\u2019argent, l\u2019homme n\u2019a jamais eu le moindre \u00e9gard pour la Justice de son \u2026<\/p>\n<p>L\u2019article <a rel=\"nofollow\" href=\"https:\/\/lepays.bf\/mobilisation-pour-empecher-larrestation-de-lex-president-sud-africain-2\/\">MOBILISATION POUR EMPECHER L\u2019ARRESTATION DE l\u2019EX-PRESIDENT SUD-AFRICAIN  \u00a0<\/a> est apparu en premier sur <a rel=\"nofollow\" href=\"https:\/\/lepays.bf\/\">Editions Le Pays<\/a>.<\/p>\n<\/div>\n<p>Auteur: Editions LEPAYS<br \/>\n<a href=\"https:\/\/lepays.bf\/mobilisation-pour-empecher-larrestation-de-lex-president-sud-africain-2\/\">Cliquez ici pour lire l&rsquo;article depuis sa source.<\/a><\/p>\n","protected":false},"excerpt":{"rendered":"<p>\u00a0\u00ab\u00a0A force de jouer avec le feu, on finit par se br\u00fbler les doigts\u00a0\u00bb. Cette assertion illustre parfaitement la condamnation de l\u2019ancien pr\u00e9sident sud-africain, Jacob Zuma, pour outrage \u00e0 la Justice. En effet, poursuivi dans plusieurs affaires de d\u00e9tournement et de blanchiment d\u2019argent, l\u2019homme n\u2019a jamais eu le moindre \u00e9gard pour la Justice de son [&hellip;]<\/p>\n","protected":false},"author":1813,"featured_media":0,"comment_status":"closed","ping_status":"closed","sticky":false,"template":"","format":"standard","meta":{"fifu_image_url":"https:\/\/lepays.bf\/wp-content\/uploads\/2021\/07\/ZUMA-2-1.jpg","fifu_image_alt":"MOBILISATION POUR EMPECHER L\u2019ARRESTATION DE l\u2019EX-PRESIDENT SUD-AFRICAIN  \u00a0","footnotes":""},"categories":[73,81],"tags":[],"class_list":["post-120756","post","type-post","status-publish","format-standard","hentry","category-actualite","category-burkina-faso"],"_links":{"self":[{"href":"https:\/\/linitiative.ca\/International\/wp-json\/wp\/v2\/posts\/120756","targetHints":{"allow":["GET"]}}],"collection":[{"href":"https:\/\/linitiative.ca\/International\/wp-json\/wp\/v2\/posts"}],"about":[{"href":"https:\/\/linitiative.ca\/International\/wp-json\/wp\/v2\/types\/post"}],"author":[{"embeddable":true,"href":"https:\/\/linitiative.ca\/International\/wp-json\/wp\/v2\/users\/1813"}],"replies":[{"embeddable":true,"href":"https:\/\/linitiative.ca\/International\/wp-json\/wp\/v2\/comments?post=120756"}],"version-history":[{"count":0,"href":"https:\/\/linitiative.ca\/International\/wp-json\/wp\/v2\/posts\/120756\/revisions"}],"wp:attachment":[{"href":"https:\/\/linitiative.ca\/International\/wp-json\/wp\/v2\/media?parent=120756"}],"wp:term":[{"taxonomy":"category","embeddable":true,"href":"https:\/\/linitiative.ca\/International\/wp-json\/wp\/v2\/categories?post=120756"},{"taxonomy":"post_tag","embeddable":true,"href":"https:\/\/linitiative.ca\/International\/wp-json\/wp\/v2\/tags?post=120756"}],"curies":[{"name":"wp","href":"https:\/\/api.w.org\/{rel}","templated":true}]}}