{"id":120758,"date":"2021-07-07T16:07:18","date_gmt":"2021-07-07T20:07:18","guid":{"rendered":"https:\/\/linitiative.ca\/International\/troisieme-vague-africaine-de-la-covid-19\/"},"modified":"2021-07-07T16:07:18","modified_gmt":"2021-07-07T20:07:18","slug":"troisieme-vague-africaine-de-la-covid-19","status":"publish","type":"post","link":"https:\/\/linitiative.ca\/International\/troisieme-vague-africaine-de-la-covid-19\/","title":{"rendered":"TROISIEME VAGUE AFRICAINE DE LA COVID-19"},"content":{"rendered":"<div>\n<p><img decoding=\"async\" width=\"660\" height=\"287\" src=\"https:\/\/linitiative.ca\/International\/wp-content\/uploads\/sites\/23\/2021\/07\/COVID.jpg\" class=\"attachment- size- wp-post-image\" alt=\"\" loading=\"lazy\" style=\"float:left; margin:0 15px 15px 0;\" srcset=\"https:\/\/linitiative.ca\/International\/wp-content\/uploads\/sites\/23\/2021\/07\/COVID.jpg 660w, https:\/\/lepays.bf\/wp-content\/uploads\/2021\/07\/COVID-300x130.jpg 300w\" sizes=\"auto, (max-width: 660px) 100vw, 660px\">En Afrique, de nouveaux variants de la Covid-19, comme Delta, se propagent plus rapidement, alimentant la troisi\u00e8me vague \u00a0de la maladie.\u00a0 C\u2019est, du moins, la r\u00e9cente mise en garde de l\u2019Organisation mondiale de la Sant\u00e9 (OMS) qui pr\u00e9cise que les cas de Covid-19 ont augment\u00e9 sur le continent durant six semaines cons\u00e9cutives. Ces cas auraient \u2026<\/p>\n<p>L\u2019article <a rel=\"nofollow\" href=\"https:\/\/lepays.bf\/troisieme-vague-africaine-de-la-covid-19\/\">TROISIEME VAGUE AFRICAINE DE LA COVID-19<\/a> est apparu en premier sur <a rel=\"nofollow\" href=\"https:\/\/lepays.bf\/\">Editions Le Pays<\/a>.<\/p>\n<\/div>\n<p>Auteur: Editions LEPAYS<br \/>\n<a href=\"https:\/\/lepays.bf\/troisieme-vague-africaine-de-la-covid-19\/\">Cliquez ici pour lire l&rsquo;article depuis sa source.<\/a><\/p>\n","protected":false},"excerpt":{"rendered":"<p>En Afrique, de nouveaux variants de la Covid-19, comme Delta, se propagent plus rapidement, alimentant la troisi\u00e8me vague \u00a0de la maladie.\u00a0 C\u2019est, du moins, la r\u00e9cente mise en garde de l\u2019Organisation mondiale de la Sant\u00e9 (OMS) qui pr\u00e9cise que les cas de Covid-19 ont augment\u00e9 sur le continent durant six semaines cons\u00e9cutives. Ces cas auraient [&hellip;]<\/p>\n","protected":false},"author":1813,"featured_media":0,"comment_status":"closed","ping_status":"closed","sticky":false,"template":"","format":"standard","meta":{"fifu_image_url":"https:\/\/lepays.bf\/wp-content\/uploads\/2021\/07\/COVID.jpg","fifu_image_alt":"TROISIEME VAGUE AFRICAINE DE LA COVID-19","footnotes":""},"categories":[73,81],"tags":[],"class_list":["post-120758","post","type-post","status-publish","format-standard","hentry","category-actualite","category-burkina-faso"],"_links":{"self":[{"href":"https:\/\/linitiative.ca\/International\/wp-json\/wp\/v2\/posts\/120758","targetHints":{"allow":["GET"]}}],"collection":[{"href":"https:\/\/linitiative.ca\/International\/wp-json\/wp\/v2\/posts"}],"about":[{"href":"https:\/\/linitiative.ca\/International\/wp-json\/wp\/v2\/types\/post"}],"author":[{"embeddable":true,"href":"https:\/\/linitiative.ca\/International\/wp-json\/wp\/v2\/users\/1813"}],"replies":[{"embeddable":true,"href":"https:\/\/linitiative.ca\/International\/wp-json\/wp\/v2\/comments?post=120758"}],"version-history":[{"count":0,"href":"https:\/\/linitiative.ca\/International\/wp-json\/wp\/v2\/posts\/120758\/revisions"}],"wp:attachment":[{"href":"https:\/\/linitiative.ca\/International\/wp-json\/wp\/v2\/media?parent=120758"}],"wp:term":[{"taxonomy":"category","embeddable":true,"href":"https:\/\/linitiative.ca\/International\/wp-json\/wp\/v2\/categories?post=120758"},{"taxonomy":"post_tag","embeddable":true,"href":"https:\/\/linitiative.ca\/International\/wp-json\/wp\/v2\/tags?post=120758"}],"curies":[{"name":"wp","href":"https:\/\/api.w.org\/{rel}","templated":true}]}}