{"id":120765,"date":"2021-07-07T11:18:02","date_gmt":"2021-07-07T15:18:02","guid":{"rendered":"https:\/\/linitiative.ca\/International\/senegal-linde-accompagne-lelectrification-de-la-zone-sud\/"},"modified":"2021-07-07T11:18:02","modified_gmt":"2021-07-07T15:18:02","slug":"senegal-linde-accompagne-lelectrification-de-la-zone-sud","status":"publish","type":"post","link":"https:\/\/linitiative.ca\/International\/senegal-linde-accompagne-lelectrification-de-la-zone-sud\/","title":{"rendered":"S\u00e9n\u00e9gal : l\u2019Inde accompagne l\u2019\u00e9lectrification de la zone sud"},"content":{"rendered":"<div>\n<p><img loading=\"lazy\" decoding=\"async\" width=\"1080\" height=\"761\" src=\"https:\/\/linitiative.ca\/International\/wp-content\/uploads\/sites\/23\/2021\/07\/16256710822350.jpg\" class=\"attachment-post-thumbnail size-post-thumbnail wp-post-image\" alt=\"\" srcset=\"https:\/\/linitiative.ca\/International\/wp-content\/uploads\/sites\/23\/2021\/07\/16256710822350.jpg 1080w, https:\/\/www.journalducameroun.com\/wp-content\/uploads\/2021\/07\/16256710822350-300x211.jpg 300w, https:\/\/www.journalducameroun.com\/wp-content\/uploads\/2021\/07\/16256710822350-768x541.jpg 768w, https:\/\/www.journalducameroun.com\/wp-content\/uploads\/2021\/07\/16256710822350-1024x722.jpg 1024w, https:\/\/www.journalducameroun.com\/wp-content\/uploads\/2021\/07\/16256710822350-624x440.jpg 624w, https:\/\/www.journalducameroun.com\/wp-content\/uploads\/2021\/07\/16256710822350-600x423.jpg 600w\" sizes=\"auto, (max-width: 1080px) 100vw, 1080px\"><\/p>\n<p>New Dehli vient d&rsquo;accorder \u00e0 Dakar un financement de pr\u00e8s de 19 milliards de FCFA pour soutenir le projet de construction de la liaison \u00e9lectrique Tanaff-Ziguinchor (sud) de 225 Kv.Cette assistance financi\u00e8re de l&rsquo;Inde vient en compl\u00e9ment de celui de 200 millions de dollars US pour la r\u00e9alisation de la ligne \u00e9lectrique Tambacounda-Kolda-Ziguinchor et des postes associ\u00e9s de Kolda et Ziguinchor dont les travaux sont termin\u00e9s avec une mise en service imminente des ouvrages, informe le communiqu\u00e9 parvenu ce mercredi \u00e0 APA.<\/p>\n<p>Toutefois, pr\u00e9cise la note, une fois que cette ligne est mise en service, les postes de Kolda et Ziguinchor seront aliment\u00e9s en antenne et tout d\u00e9faut ou autre indisponibilit\u00e9 sur celle-ci provoquerait une coupure g\u00e9n\u00e9rale d&rsquo;\u00e9lectricit\u00e9 dans toute la r\u00e9gion Sud du pays sans possibilit\u00e9 de reprise.<\/p>\n<p>Ainsi, ce financement compl\u00e9mentaire acquis \u00e0 travers d&rsquo;Eximbank Inde apporte une r\u00e9ponse \u00e0 ce risque \u00e9lev\u00e9 qui p\u00e8se sur la fourniture d&rsquo;\u00e9lectricit\u00e9 dans la r\u00e9gion sud.<\/p>\n<p>Il permettra de boucler Ziguinchor avec le r\u00e9seau de l&rsquo;Organisation pour la mise en valeur du fleuve Gambie (OMVG) \u00e0 partir de Tanaff afin de s\u00e9curiser l&rsquo;approvisionnement \u00e9lectrique du Sud et de parer \u00e0 tout d\u00e9sagr\u00e9ment de rupture continue de service.<\/p>\n<p>Le ministre s\u00e9n\u00e9galais de l&rsquo;Economie, du Plan et de la Coop\u00e9ration, Amadou Hott, signataire de cet accord, a magnifi\u00e9 l&rsquo;apport de ce nouveau financement, dans le cadre de la mise en \u0153uvre du Plan S\u00e9n\u00e9gal Emergent (PSE), notamment avec le \u00ab Plan de Relance Int\u00e9gr\u00e9 de l&rsquo;\u00c9lectricit\u00e9 \u00bb.<\/p>\n<p>Ce dernier vise \u00e0 r\u00e9duire les co\u00fbts de l&rsquo;\u00e9lectricit\u00e9 avec des centrales \u00e9lectriques modernes et un r\u00e9seau de lignes de transmission fiable.<\/p>\n<p>Cet article <a rel=\"nofollow\" href=\"https:\/\/www.journalducameroun.com\/senegal-linde-accompagne-lelectrification-de-la-zone-sud\/\">S\u00e9n\u00e9gal : l\u2019Inde accompagne l\u2019\u00e9lectrification de la zone sud<\/a> est apparu en premier sur <a rel=\"nofollow\" href=\"https:\/\/www.journalducameroun.com\/\">Journal du Cameroun<\/a>.<\/p>\n<\/div>\n<p>Auteur: APA News<br \/>\n<a href=\"https:\/\/www.journalducameroun.com\/senegal-linde-accompagne-lelectrification-de-la-zone-sud\/\">Cliquez ici pour lire l&rsquo;article depuis sa source.<\/a><\/p>\n","protected":false},"excerpt":{"rendered":"<p>New Dehli vient d&rsquo;accorder \u00e0 Dakar un financement de pr\u00e8s de 19 milliards de FCFA pour soutenir le projet de construction de la liaison \u00e9lectrique Tanaff-Ziguinchor (sud) de 225 Kv.Cette assistance financi\u00e8re de l&rsquo;Inde vient en compl\u00e9ment de celui de 200 millions de dollars US pour la r\u00e9alisation de la ligne \u00e9lectrique Tambacounda-Kolda-Ziguinchor et des [&hellip;]<\/p>\n","protected":false},"author":1965,"featured_media":0,"comment_status":"closed","ping_status":"closed","sticky":false,"template":"","format":"standard","meta":{"fifu_image_url":"https:\/\/www.journalducameroun.com\/wp-content\/uploads\/2021\/07\/16256710822350.jpg","fifu_image_alt":"S\u00e9n\u00e9gal : l\u2019Inde accompagne l\u2019\u00e9lectrification de la zone sud","footnotes":""},"categories":[73,82],"tags":[],"class_list":["post-120765","post","type-post","status-publish","format-standard","hentry","category-actualite","category-cameroun"],"_links":{"self":[{"href":"https:\/\/linitiative.ca\/International\/wp-json\/wp\/v2\/posts\/120765","targetHints":{"allow":["GET"]}}],"collection":[{"href":"https:\/\/linitiative.ca\/International\/wp-json\/wp\/v2\/posts"}],"about":[{"href":"https:\/\/linitiative.ca\/International\/wp-json\/wp\/v2\/types\/post"}],"author":[{"embeddable":true,"href":"https:\/\/linitiative.ca\/International\/wp-json\/wp\/v2\/users\/1965"}],"replies":[{"embeddable":true,"href":"https:\/\/linitiative.ca\/International\/wp-json\/wp\/v2\/comments?post=120765"}],"version-history":[{"count":0,"href":"https:\/\/linitiative.ca\/International\/wp-json\/wp\/v2\/posts\/120765\/revisions"}],"wp:attachment":[{"href":"https:\/\/linitiative.ca\/International\/wp-json\/wp\/v2\/media?parent=120765"}],"wp:term":[{"taxonomy":"category","embeddable":true,"href":"https:\/\/linitiative.ca\/International\/wp-json\/wp\/v2\/categories?post=120765"},{"taxonomy":"post_tag","embeddable":true,"href":"https:\/\/linitiative.ca\/International\/wp-json\/wp\/v2\/tags?post=120765"}],"curies":[{"name":"wp","href":"https:\/\/api.w.org\/{rel}","templated":true}]}}