{"id":120769,"date":"2021-07-07T12:15:24","date_gmt":"2021-07-07T16:15:24","guid":{"rendered":"https:\/\/linitiative.ca\/International\/cameroun-le-bureau-de-mise-a-niveau-des-entreprises-a-la-recherche-des-financements\/"},"modified":"2021-07-07T12:15:24","modified_gmt":"2021-07-07T16:15:24","slug":"cameroun-le-bureau-de-mise-a-niveau-des-entreprises-a-la-recherche-des-financements","status":"publish","type":"post","link":"https:\/\/linitiative.ca\/International\/cameroun-le-bureau-de-mise-a-niveau-des-entreprises-a-la-recherche-des-financements\/","title":{"rendered":"Cameroun : le Bureau de mise \u00e0 niveau des entreprises \u00e0 la recherche des financements"},"content":{"rendered":"<div>\n<p><img loading=\"lazy\" decoding=\"async\" width=\"5568\" height=\"3712\" src=\"https:\/\/linitiative.ca\/International\/wp-content\/uploads\/sites\/23\/2021\/07\/DSC_3793.jpg\" class=\"attachment-post-thumbnail size-post-thumbnail wp-post-image\" alt=\"\" srcset=\"https:\/\/linitiative.ca\/International\/wp-content\/uploads\/sites\/23\/2021\/07\/DSC_3793.jpg 5568w, https:\/\/www.journalducameroun.com\/wp-content\/uploads\/2021\/07\/DSC_3793-300x200.jpg 300w, https:\/\/www.journalducameroun.com\/wp-content\/uploads\/2021\/07\/DSC_3793-768x512.jpg 768w, https:\/\/www.journalducameroun.com\/wp-content\/uploads\/2021\/07\/DSC_3793-1024x683.jpg 1024w, https:\/\/www.journalducameroun.com\/wp-content\/uploads\/2021\/07\/DSC_3793-660x440.jpg 660w, https:\/\/www.journalducameroun.com\/wp-content\/uploads\/2021\/07\/DSC_3793-600x400.jpg 600w\" sizes=\"auto, (max-width: 5568px) 100vw, 5568px\"><\/p>\n<h5 style=\"text-align: justify;\"><strong>C\u2019est l\u2019une des informations qui ressort des 30<sup>\u00e8me<\/sup>\u00a0et 31<sup>\u00e8me<\/sup>\u00a0sessions de son comit\u00e9 de pilotage\u00a0<\/strong><strong style=\"font-size: 16px;\">du Bureau de mise \u00e0 niveau des entreprises (BMN)\u00a0<\/strong><strong style=\"font-size: 16px;\">tenues ce mercredi 7 juillet 2021 \u00e0 Yaound\u00e9. Ces premi\u00e8res sessions de l\u2019ann\u00e9e pr\u00e9sid\u00e9es par\u00a0 le pr\u00e9sident du Comit\u00e9 de pilotage , le Pr Isaac Tamba, ont principalement \u00e9t\u00e9\u00a0 d\u00e9di\u00e9es \u00e0 la pr\u00e9sentation du rapport de gestion 2020, \u00e0 l\u2019examen des\u00a0 \u00e9tats financiers de l\u2019exercice 2020 et \u00e0 la validation des plans de mise \u00e0 niveau des entreprises admises au Programme national de mise \u00e0 niveau.<\/strong><\/h5>\n<p style=\"text-align: justify;\">Dans un contexte marqu\u00e9 notamment par l\u2019av\u00e8nement de la Zone de libre-\u00e9change continentale africaine (<strong>ZLECAF<\/strong>) qui constitue \u00e0 la fois une opportunit\u00e9 et une menace pour les entreprises industrielles camerounaises, la mise \u00e0 niveau s\u2019impose comme une \u00e9vidence. Sa p\u00e9rennisation dans l\u2019optique de contribuer efficacement et durablement \u00e0 la politique de la comp\u00e9titivit\u00e9 de l\u2019\u00e9conomie camerounaise pr\u00f4n\u00e9e par le pr\u00e9sident de la R\u00e9publique, S.E <strong>Paul Biya,<\/strong> reste donc un enjeu majeur.<\/p>\n<p style=\"text-align: justify;\">De l\u2019avis d\u2019<strong>Alfred Ndengue Avezo\u2019o<\/strong>, expert financier\u00a0: \u00ab<strong>\u00a0<\/strong><em>La strat\u00e9gie nationale de d\u00e9veloppement (Snd 30) a consacr\u00e9 la transformation structurelle de notre \u00e9conomie en tenant\u00a0 compte de la signature avec la Zone de libre-\u00e9change continentale africaine (Zlecaf) qui ouvre un march\u00e9 de plus d\u2019un milliard d\u2019habitant au Cameroun. Le BMN a donc un r\u00f4le important \u00e0 jouer, aupr\u00e8s des entreprises pour leur permettre d\u2019\u00eatre comp\u00e9titives afin de ne pas se laisser envahir par les soci\u00e9t\u00e9s ext\u00e9rieures. C\u2019est un point important qui n\u00e9cessite de grosses ressources. Il se trouve que le BMN\u00a0 avait un accord triennal avec l\u2019Agence Fran\u00e7aise de D\u00e9veloppement qui s\u2019est achev\u00e9\u00a0et donc il est question de recherche de nouvelles ressources financi\u00e8res. Une mission que nous nous sommes attel\u00e9es pendant la p\u00e9riode \u00e9coul\u00e9e<\/em>\u00bb.<\/p>\n<figure id=\"attachment_390799\" aria-describedby=\"caption-attachment-390799\" style=\"width: 1024px\" class=\"wp-caption alignnone\"><img loading=\"lazy\" decoding=\"async\" class=\"wp-image-390799 size-large\" src=\"https:\/\/linitiative.ca\/International\/wp-content\/uploads\/sites\/23\/2021\/07\/DSC_3824-1024x683-1.jpg\" alt=\"\" width=\"1024\" height=\"683\"><figcaption id=\"caption-attachment-390799\" class=\"wp-caption-text\">Alfred Ndengue Avezo\u2019o, expert financier<\/figcaption><\/figure>\n<p style=\"text-align: justify;\">Il ajoute\u00a0: \u00ab\u00a0<em>qu\u2019il y a justement un sous-comit\u00e9 qui a \u00e9t\u00e9 mis en place pour rechercher de nouvelles sources de financement. Ce comit\u00e9 a travaill\u00e9 pour produire un document de plaidoyer qui va \u00eatre pr\u00e9sent\u00e9 aux potentiels partenaires techniques et financiers. Nous allons entreprendre d\u00e8s le second semestre des rencontres avec ces probables partenaires-l\u00e0. Nous avons cibl\u00e9 les agences de coop\u00e9ration. Nous allons d\u00e9j\u00e0 nous tourner vers celles-l\u00e0, apr\u00e8s nous allons voir comment est-ce qu\u2019on peut avoir des banques internationales qui peuvent accompagner le BMN<\/em>\u00a0\u00bb.<\/p>\n<p style=\"text-align: justify;\">Durant les sessions de ce jour,\u00a0 le Directeur g\u00e9n\u00e9ral de l\u2019\u00e9conomie au minist\u00e8re en charge de l\u2019Economie a rappel\u00e9 que le <strong>BMN<\/strong> inscrit ses actions dans le droit fil de la strat\u00e9gie nationale de d\u00e9veloppement, \u00e0 l\u2019horizon 2030 (SND 30) dont le pilier principal est la transformation structurelle de l\u2019\u00e9conomie camerounaise. Une ambition, articul\u00e9e dans le document boussole du Bureau pour la p\u00e9riode 2020-2024, se traduit entre autres par la mise en \u0153uvre d\u2019une politique favorisant le rattrapage technologique des \u00a0entreprises accompagn\u00e9es, la promotion de la d\u00e9marche qualit\u00e9 et la valorisation du <strong>Made in Cameroon<\/strong>.<\/p>\n<p style=\"text-align: justify;\">\n<p>Cet article <a rel=\"nofollow\" href=\"https:\/\/www.journalducameroun.com\/cameroun-le-bureau-de-mise-a-niveau-des-entreprises-a-la-recherche-des-financements-cameroun\/\">Cameroun : le Bureau de mise \u00e0 niveau des entreprises \u00e0 la recherche des financements<\/a> est apparu en premier sur <a rel=\"nofollow\" href=\"https:\/\/www.journalducameroun.com\/\">Journal du Cameroun<\/a>.<\/p>\n<\/div>\n<p>Auteur: Christian DJIMADEU<br \/>\n<a href=\"https:\/\/www.journalducameroun.com\/cameroun-le-bureau-de-mise-a-niveau-des-entreprises-a-la-recherche-des-financements-cameroun\/\">Cliquez ici pour lire l&rsquo;article depuis sa source.<\/a><\/p>\n","protected":false},"excerpt":{"rendered":"<p>C\u2019est l\u2019une des informations qui ressort des 30\u00e8me\u00a0et 31\u00e8me\u00a0sessions de son comit\u00e9 de pilotage\u00a0du Bureau de mise \u00e0 niveau des entreprises (BMN)\u00a0tenues ce mercredi 7 juillet 2021 \u00e0 Yaound\u00e9. Ces premi\u00e8res sessions de l\u2019ann\u00e9e pr\u00e9sid\u00e9es par\u00a0 le pr\u00e9sident du Comit\u00e9 de pilotage , le Pr Isaac Tamba, ont principalement \u00e9t\u00e9\u00a0 d\u00e9di\u00e9es \u00e0 la pr\u00e9sentation du [&hellip;]<\/p>\n","protected":false},"author":1965,"featured_media":0,"comment_status":"closed","ping_status":"closed","sticky":false,"template":"","format":"standard","meta":{"fifu_image_url":"https:\/\/www.journalducameroun.com\/wp-content\/uploads\/2021\/07\/DSC_3793.jpg","fifu_image_alt":"Cameroun : le Bureau de mise \u00e0 niveau des entreprises \u00e0 la recherche des financements","footnotes":""},"categories":[73,82],"tags":[],"class_list":["post-120769","post","type-post","status-publish","format-standard","hentry","category-actualite","category-cameroun"],"_links":{"self":[{"href":"https:\/\/linitiative.ca\/International\/wp-json\/wp\/v2\/posts\/120769","targetHints":{"allow":["GET"]}}],"collection":[{"href":"https:\/\/linitiative.ca\/International\/wp-json\/wp\/v2\/posts"}],"about":[{"href":"https:\/\/linitiative.ca\/International\/wp-json\/wp\/v2\/types\/post"}],"author":[{"embeddable":true,"href":"https:\/\/linitiative.ca\/International\/wp-json\/wp\/v2\/users\/1965"}],"replies":[{"embeddable":true,"href":"https:\/\/linitiative.ca\/International\/wp-json\/wp\/v2\/comments?post=120769"}],"version-history":[{"count":0,"href":"https:\/\/linitiative.ca\/International\/wp-json\/wp\/v2\/posts\/120769\/revisions"}],"wp:attachment":[{"href":"https:\/\/linitiative.ca\/International\/wp-json\/wp\/v2\/media?parent=120769"}],"wp:term":[{"taxonomy":"category","embeddable":true,"href":"https:\/\/linitiative.ca\/International\/wp-json\/wp\/v2\/categories?post=120769"},{"taxonomy":"post_tag","embeddable":true,"href":"https:\/\/linitiative.ca\/International\/wp-json\/wp\/v2\/tags?post=120769"}],"curies":[{"name":"wp","href":"https:\/\/api.w.org\/{rel}","templated":true}]}}